{"id":4637,"date":"2025-01-30T13:02:28","date_gmt":"2025-01-30T13:02:28","guid":{"rendered":"https:\/\/magazinlist.com\/?p=4637"},"modified":"2025-01-30T13:02:28","modified_gmt":"2025-01-30T13:02:28","slug":"temel-sumelanin-sifresi-yeniden-filminin-muhtesem-galasi","status":"publish","type":"post","link":"https:\/\/magazinlist.com\/en\/temel-sumelanin-sifresi-yeniden-filminin-muhtesem-galasi\/","title":{"rendered":"TEMEL S\u00dcMELA&#8217;NIN \u015e\u0130FRES\u0130 YEN\u0130DEN F\u0130LM\u0130N\u0130N MUHTE\u015eEM GALASI"},"content":{"rendered":"<p>Yap\u0131mc\u0131l\u0131\u011f\u0131n\u0131 Bilal KALYONCU,nun \u00fcstlendi\u011fi , y\u00f6netmen koltu\u011funda Bilal KALYONCU, nun oturdu\u011fu , uygulay\u0131c\u0131 yap\u0131mc\u0131l\u0131\u011f\u0131n\u0131 \u015eeyhmus GENCAN,\u0131n \u00fcstlendi\u011fi, Y\u0131lmaz OKUMU\u015e,un kaleme ald\u0131\u011f\u0131, ba\u015frollerinde Alper KUL, \u00d6yk\u00fc G\u00dcRMAN, Adem YILMAZ, Salih KALYON, G\u00fcrkan UYGUN, ve \u015einasi YURTSEVER in rol ald\u0131\u011f\u0131 Temel S\u00fcmela&#8217;n\u0131n \u015fifresi yeniden filminin galas\u0131 Kanyon AVM de ger\u00e7ekle\u015fti.<\/p>\n<p>Galaya tan medya haber,in sahibi Ertan TA\u015eKIRAN, \u00fcnl\u00fclerin foto\u011fraf sanat\u00e7\u0131s\u0131 ve fenomen Ay\u015feg\u00fcl AKCARCI, yap\u0131mc\u0131 H\u00fcseyin NACAR, yap\u0131mc\u0131 At\u0131f ERDO\u011eAN, oyuncu Zeynep Derin \u015eENY\u0130\u011e\u0130T, oyuncu ve sanat\u00e7\u0131 Beren DEM\u0130RKAYA, Oyuncu, y\u00f6netmen ve yap\u0131mc\u0131 Osman KOYUN, oyuncu Osman FINDIK , yap\u0131mc\u0131 Ozan YILDIRIM ve e\u015fi onur konu\u011fu olarak kat\u0131lan isimler aras\u0131ndayd\u0131.<\/p>\n<p>Temel S\u00fcmela&#8217;n\u0131n \u015fifresi yeniden filminin konusu ise : Temel: S\u00fcmela&#8217;n\u0131n \u015eifresi Yeniden, sevdi\u011fi k\u0131z\u0131n babas\u0131n\u0131n g\u00f6z\u00fcne girmek i\u00e7in \u00e7abalarken kendisini beklenmedik olaylar\u0131n i\u00e7erisinde bulan Temel&#8217;in hikayesini konu ediyor. Fadime\u2019nin babas\u0131n\u0131n g\u00f6z\u00fcne girmek isteyen Temel, Trabzonspor\u2019u desteklemek i\u00e7in hamsirone yapar. Ancak o bunun iyi bir \u015feye yol a\u00e7aca\u011f\u0131n\u0131 d\u00fc\u015f\u00fcn\u00fcrken, talihsiz bir kaza sonucu hamsirone Trabzonspor otob\u00fcs\u00fcne \u00e7arpar ve i\u015fler kar\u0131\u015f\u0131r. Temel, orta\u011f\u0131 Dursun ile birlikte durumu d\u00fczeltmeye \u00e7al\u0131\u015f\u0131rken kendisini trajikomik olaylar\u0131n i\u00e7erisinde bulur.<\/p>\n<p>Temel S\u00fcmela&#8217;n\u0131n \u015fifresi yeniden filmi 31 ocak&#8217;ta sinemaseverler ile bulu\u015facak.<\/p>\n<p><img fetchpriority=\"high\" decoding=\"async\" class=\"aligncenter size-medium wp-image-4638\" src=\"https:\/\/magazinlist.com\/wp-content\/uploads\/2025\/01\/IMG-20250130-WA0017-300x300.jpg\" alt=\"\" width=\"300\" height=\"300\" srcset=\"https:\/\/magazinlist.com\/wp-content\/uploads\/2025\/01\/IMG-20250130-WA0017-300x300.jpg 300w, https:\/\/magazinlist.com\/wp-content\/uploads\/2025\/01\/IMG-20250130-WA0017-1024x1024.jpg 1024w, https:\/\/magazinlist.com\/wp-content\/uploads\/2025\/01\/IMG-20250130-WA0017-150x150.jpg 150w, https:\/\/magazinlist.com\/wp-content\/uploads\/2025\/01\/IMG-20250130-WA0017-768x768.jpg 768w, https:\/\/magazinlist.com\/wp-content\/uploads\/2025\/01\/IMG-20250130-WA0017-1536x1536.jpg 1536w, https:\/\/magazinlist.com\/wp-content\/uploads\/2025\/01\/IMG-20250130-WA0017-12x12.jpg 12w, https:\/\/magazinlist.com\/wp-content\/uploads\/2025\/01\/IMG-20250130-WA0017-330x330.jpg 330w, https:\/\/magazinlist.com\/wp-content\/uploads\/2025\/01\/IMG-20250130-WA0017-180x180.jpg 180w, https:\/\/magazinlist.com\/wp-content\/uploads\/2025\/01\/IMG-20250130-WA0017-120x120.jpg 120w, https:\/\/magazinlist.com\/wp-content\/uploads\/2025\/01\/IMG-20250130-WA0017.jpg 2048w\" sizes=\"(max-width: 300px) 100vw, 300px\" \/><\/p>","protected":false},"excerpt":{"rendered":"<p>Yap\u0131mc\u0131l\u0131\u011f\u0131n\u0131 Bilal KALYONCU,nun \u00fcstlendi\u011fi , y\u00f6netmen koltu\u011funda Bilal KALYONCU, nun oturdu\u011fu , uygulay\u0131c\u0131 yap\u0131mc\u0131l\u0131\u011f\u0131n\u0131 \u015eeyhmus GENCAN,\u0131n \u00fcstlendi\u011fi, Y\u0131lmaz OKUMU\u015e,un kaleme ald\u0131\u011f\u0131, ba\u015frollerinde Alper KUL, \u00d6yk\u00fc G\u00dcRMAN, Adem YILMAZ, Salih KALYON, G\u00fcrkan UYGUN, ve \u015einasi YURTSEVER in rol ald\u0131\u011f\u0131 Temel S\u00fcmela&#8217;n\u0131n \u015fifresi yeniden filminin galas\u0131 Kanyon AVM de ger\u00e7ekle\u015fti. Galaya tan medya haber,in sahibi Ertan TA\u015eKIRAN, [&hellip;]<\/p>\n","protected":false},"author":1,"featured_media":4639,"comment_status":"open","ping_status":"open","sticky":false,"template":"","format":"standard","meta":{"_angie_page":false,"ai_generated_summary":"","page_builder":"","wpai_meta_description":"","footnotes":""},"categories":[33],"tags":[],"class_list":["post-4637","post","type-post","status-publish","format-standard","has-post-thumbnail","hentry","category-magazin"],"brizy_media":[],"_links":{"self":[{"href":"https:\/\/magazinlist.com\/en\/wp-json\/wp\/v2\/posts\/4637","targetHints":{"allow":["GET"]}}],"collection":[{"href":"https:\/\/magazinlist.com\/en\/wp-json\/wp\/v2\/posts"}],"about":[{"href":"https:\/\/magazinlist.com\/en\/wp-json\/wp\/v2\/types\/post"}],"author":[{"embeddable":true,"href":"https:\/\/magazinlist.com\/en\/wp-json\/wp\/v2\/users\/1"}],"replies":[{"embeddable":true,"href":"https:\/\/magazinlist.com\/en\/wp-json\/wp\/v2\/comments?post=4637"}],"version-history":[{"count":1,"href":"https:\/\/magazinlist.com\/en\/wp-json\/wp\/v2\/posts\/4637\/revisions"}],"predecessor-version":[{"id":4640,"href":"https:\/\/magazinlist.com\/en\/wp-json\/wp\/v2\/posts\/4637\/revisions\/4640"}],"wp:featuredmedia":[{"embeddable":true,"href":"https:\/\/magazinlist.com\/en\/wp-json\/wp\/v2\/media\/4639"}],"wp:attachment":[{"href":"https:\/\/magazinlist.com\/en\/wp-json\/wp\/v2\/media?parent=4637"}],"wp:term":[{"taxonomy":"category","embeddable":true,"href":"https:\/\/magazinlist.com\/en\/wp-json\/wp\/v2\/categories?post=4637"},{"taxonomy":"post_tag","embeddable":true,"href":"https:\/\/magazinlist.com\/en\/wp-json\/wp\/v2\/tags?post=4637"}],"curies":[{"name":"wp","href":"https:\/\/api.w.org\/{rel}","templated":true}]}}