{"id":4663,"date":"2025-02-06T18:43:25","date_gmt":"2025-02-06T18:43:25","guid":{"rendered":"https:\/\/magazinlist.com\/?p=4663"},"modified":"2025-02-06T18:43:25","modified_gmt":"2025-02-06T18:43:25","slug":"dayi-bir-adamin-hikayesi-2-filminin-galasi-gerceklesti","status":"publish","type":"post","link":"https:\/\/magazinlist.com\/en\/dayi-bir-adamin-hikayesi-2-filminin-galasi-gerceklesti\/","title":{"rendered":"DAYI B\u0130R ADAMIN H\u0130KAYES\u0130 2 F\u0130LM\u0130N\u0130N GALASI GER\u00c7EKLE\u015eT\u0130"},"content":{"rendered":"<p><img fetchpriority=\"high\" decoding=\"async\" class=\"aligncenter size-medium wp-image-4664\" src=\"https:\/\/magazinlist.com\/wp-content\/uploads\/2025\/02\/IMG-20250206-WA0036-300x300.jpg\" alt=\"\" width=\"300\" height=\"300\" srcset=\"https:\/\/magazinlist.com\/wp-content\/uploads\/2025\/02\/IMG-20250206-WA0036-300x300.jpg 300w, https:\/\/magazinlist.com\/wp-content\/uploads\/2025\/02\/IMG-20250206-WA0036-1024x1024.jpg 1024w, https:\/\/magazinlist.com\/wp-content\/uploads\/2025\/02\/IMG-20250206-WA0036-150x150.jpg 150w, https:\/\/magazinlist.com\/wp-content\/uploads\/2025\/02\/IMG-20250206-WA0036-768x768.jpg 768w, https:\/\/magazinlist.com\/wp-content\/uploads\/2025\/02\/IMG-20250206-WA0036-1536x1536.jpg 1536w, https:\/\/magazinlist.com\/wp-content\/uploads\/2025\/02\/IMG-20250206-WA0036-12x12.jpg 12w, https:\/\/magazinlist.com\/wp-content\/uploads\/2025\/02\/IMG-20250206-WA0036-330x330.jpg 330w, https:\/\/magazinlist.com\/wp-content\/uploads\/2025\/02\/IMG-20250206-WA0036-180x180.jpg 180w, https:\/\/magazinlist.com\/wp-content\/uploads\/2025\/02\/IMG-20250206-WA0036-120x120.jpg 120w, https:\/\/magazinlist.com\/wp-content\/uploads\/2025\/02\/IMG-20250206-WA0036.jpg 1600w\" sizes=\"(max-width: 300px) 100vw, 300px\" \/><\/p>\n<p>Yap\u0131mc\u0131l\u0131\u011f\u0131n\u0131 U\u011fur BAYRAKTAR, Mustafa \u015e\u0130R\u0130N ve Murat \u015eENER, in \u00fcstlendi\u011fi y\u00f6netmen koltu\u011funda U\u011fur BAYRAKTAR,\u0131n oturdu\u011fu ba\u015frollerinde Ufuk Bayraktar, Reha \u00d6ZCAN, Cem \u00d6ZER , Umut O\u011eUZ, Y\u0131ld\u0131ray \u015eAH\u0130NLER, Erg\u00fcl Miray \u015eAH\u0130N ve Y\u00fcksel ARICI ,n\u0131n oynad\u0131\u011f\u0131 day\u0131 bir adam\u0131n hikayesi 2 filmi galas\u0131 ger\u00e7ekle\u015fti.<\/p>\n<p>Galaya Berk OKTAY, yap\u0131mc\u0131 Ayta\u00e7 A\u011eDA\u011e, yap\u0131mc\u0131 H\u00fcseyin NACAR, g\u00fczel sanat\u00e7\u0131 Reyhan CANSU, akt\u00f6r filminin yap\u0131mc\u0131lar\u0131 Mevl\u00fct BORA ve Ozan Ali KORKUT , manken ve oyuncu Mehmet Sefa YILDIRIM , manken ve oyuncu Emre D\u00d6NER onur konu\u011fu olarak kat\u0131lan isimler aras\u0131ndayd\u0131.Sevilen bir kabaday\u0131n\u0131n y\u00fckseli\u015f hik\u00e2yesini anlatan ilk filmde Ufuk Bayraktar&#8217;\u0131n canland\u0131rd\u0131\u011f\u0131 Day\u0131 karakterinin hik\u00e2yesini devam ettiren Day\u0131: Bir Adam\u0131n Hik\u00e2yesi\u00a0 7 \u015eubat 2025&#8217;ten itibaren sinemalarda seyirciyle bulu\u015facak.<\/p>\n<p><img decoding=\"async\" class=\"aligncenter size-medium wp-image-4665\" src=\"https:\/\/magazinlist.com\/wp-content\/uploads\/2025\/02\/IMG-20250206-WA0035-300x184.jpg\" alt=\"\" width=\"300\" height=\"184\" srcset=\"https:\/\/magazinlist.com\/wp-content\/uploads\/2025\/02\/IMG-20250206-WA0035-300x184.jpg 300w, https:\/\/magazinlist.com\/wp-content\/uploads\/2025\/02\/IMG-20250206-WA0035-768x471.jpg 768w, https:\/\/magazinlist.com\/wp-content\/uploads\/2025\/02\/IMG-20250206-WA0035-18x12.jpg 18w, https:\/\/magazinlist.com\/wp-content\/uploads\/2025\/02\/IMG-20250206-WA0035-538x330.jpg 538w, https:\/\/magazinlist.com\/wp-content\/uploads\/2025\/02\/IMG-20250206-WA0035-270x166.jpg 270w, https:\/\/magazinlist.com\/wp-content\/uploads\/2025\/02\/IMG-20250206-WA0035-441x269.jpg 441w, https:\/\/magazinlist.com\/wp-content\/uploads\/2025\/02\/IMG-20250206-WA0035.jpg 1015w\" sizes=\"(max-width: 300px) 100vw, 300px\" \/> <img decoding=\"async\" class=\"aligncenter size-medium wp-image-4666\" src=\"https:\/\/magazinlist.com\/wp-content\/uploads\/2025\/02\/IMG-20250206-WA0034-300x196.jpg\" alt=\"\" width=\"300\" height=\"196\" srcset=\"https:\/\/magazinlist.com\/wp-content\/uploads\/2025\/02\/IMG-20250206-WA0034-300x196.jpg 300w, https:\/\/magazinlist.com\/wp-content\/uploads\/2025\/02\/IMG-20250206-WA0034-1024x670.jpg 1024w, https:\/\/magazinlist.com\/wp-content\/uploads\/2025\/02\/IMG-20250206-WA0034-768x503.jpg 768w, https:\/\/magazinlist.com\/wp-content\/uploads\/2025\/02\/IMG-20250206-WA0034-18x12.jpg 18w, https:\/\/magazinlist.com\/wp-content\/uploads\/2025\/02\/IMG-20250206-WA0034-504x330.jpg 504w, https:\/\/magazinlist.com\/wp-content\/uploads\/2025\/02\/IMG-20250206-WA0034-270x177.jpg 270w, https:\/\/magazinlist.com\/wp-content\/uploads\/2025\/02\/IMG-20250206-WA0034.jpg 1080w\" sizes=\"(max-width: 300px) 100vw, 300px\" \/><\/p>","protected":false},"excerpt":{"rendered":"<p>Yap\u0131mc\u0131l\u0131\u011f\u0131n\u0131 U\u011fur BAYRAKTAR, Mustafa \u015e\u0130R\u0130N ve Murat \u015eENER, in \u00fcstlendi\u011fi y\u00f6netmen koltu\u011funda U\u011fur BAYRAKTAR,\u0131n oturdu\u011fu ba\u015frollerinde Ufuk Bayraktar, Reha \u00d6ZCAN, Cem \u00d6ZER , Umut O\u011eUZ, Y\u0131ld\u0131ray \u015eAH\u0130NLER, Erg\u00fcl Miray \u015eAH\u0130N ve Y\u00fcksel ARICI ,n\u0131n oynad\u0131\u011f\u0131 day\u0131 bir adam\u0131n hikayesi 2 filmi galas\u0131 ger\u00e7ekle\u015fti. Galaya Berk OKTAY, yap\u0131mc\u0131 Ayta\u00e7 A\u011eDA\u011e, yap\u0131mc\u0131 H\u00fcseyin NACAR, g\u00fczel sanat\u00e7\u0131 Reyhan [&hellip;]<\/p>\n","protected":false},"author":1,"featured_media":4667,"comment_status":"open","ping_status":"open","sticky":false,"template":"","format":"standard","meta":{"_angie_page":false,"ai_generated_summary":"","page_builder":"","wpai_meta_description":"","footnotes":""},"categories":[33],"tags":[],"class_list":["post-4663","post","type-post","status-publish","format-standard","has-post-thumbnail","hentry","category-magazin"],"brizy_media":[],"_links":{"self":[{"href":"https:\/\/magazinlist.com\/en\/wp-json\/wp\/v2\/posts\/4663","targetHints":{"allow":["GET"]}}],"collection":[{"href":"https:\/\/magazinlist.com\/en\/wp-json\/wp\/v2\/posts"}],"about":[{"href":"https:\/\/magazinlist.com\/en\/wp-json\/wp\/v2\/types\/post"}],"author":[{"embeddable":true,"href":"https:\/\/magazinlist.com\/en\/wp-json\/wp\/v2\/users\/1"}],"replies":[{"embeddable":true,"href":"https:\/\/magazinlist.com\/en\/wp-json\/wp\/v2\/comments?post=4663"}],"version-history":[{"count":1,"href":"https:\/\/magazinlist.com\/en\/wp-json\/wp\/v2\/posts\/4663\/revisions"}],"predecessor-version":[{"id":4668,"href":"https:\/\/magazinlist.com\/en\/wp-json\/wp\/v2\/posts\/4663\/revisions\/4668"}],"wp:featuredmedia":[{"embeddable":true,"href":"https:\/\/magazinlist.com\/en\/wp-json\/wp\/v2\/media\/4667"}],"wp:attachment":[{"href":"https:\/\/magazinlist.com\/en\/wp-json\/wp\/v2\/media?parent=4663"}],"wp:term":[{"taxonomy":"category","embeddable":true,"href":"https:\/\/magazinlist.com\/en\/wp-json\/wp\/v2\/categories?post=4663"},{"taxonomy":"post_tag","embeddable":true,"href":"https:\/\/magazinlist.com\/en\/wp-json\/wp\/v2\/tags?post=4663"}],"curies":[{"name":"wp","href":"https:\/\/api.w.org\/{rel}","templated":true}]}}