{"id":4806,"date":"2025-03-17T08:47:59","date_gmt":"2025-03-17T08:47:59","guid":{"rendered":"https:\/\/magazinlist.com\/?p=4806"},"modified":"2025-03-17T08:47:59","modified_gmt":"2025-03-17T08:47:59","slug":"3-istanbul-uluslararasi-bahar-film-festivali-hafta-sonu-yapildi","status":"publish","type":"post","link":"https:\/\/magazinlist.com\/en\/3-istanbul-uluslararasi-bahar-film-festivali-hafta-sonu-yapildi\/","title":{"rendered":"3.\u0130STANBUL ULUSLARARASI BAHAR F\u0130LM FEST\u0130VAL\u0130 HAFTA SONU YAPILDI"},"content":{"rendered":"<p>3. \u0130stanbul Uluslararas\u0131 Bahar<br \/>\nFilm Festivali hafta sonu yap\u0131ld\u0131<\/p>\n<p>\u0130stanbul\u2019da<br \/>\nsinema \u015f\u00f6leni<\/p>\n<p>D\u00fcnya sinemas\u0131<br \/>\nSancaktepe\u2019de<\/p>\n<p>&nbsp;<\/p>\n<p>Sanat\u0131n ve d\u00fcnya sinemas\u0131n\u0131n nabz\u0131 Sancaktepe&#8217;de att\u0131. \u0130stanbul Uluslararas\u0131 Bahar Film Festivali 2025, 15-16 Mart g\u00fcnlerinde \u00fcnl\u00fc isimlerin kat\u0131l\u0131m\u0131yla ger\u00e7ekle\u015fti.<\/p>\n<p>&nbsp;<\/p>\n<p>Sinema d\u00fcnyas\u0131n\u0131n en prestijli etkinliklerinden \u0130stanbul Uluslararas\u0131 Bahar Film Festivali\u2019nin \u00fc\u00e7\u00fcnc\u00fcs\u00fc, 15-16 Mart tarihlerinde Sancaktepe Sahnesi\u2019nde ger\u00e7ekle\u015fti. Sancaktepe Belediyesi\u2019nin b\u00fcnyesinde, Ulud\u00fcz Medya organizat\u00f6rl\u00fc\u011f\u00fcnde d\u00fczenlenen festival, sineman\u0131n b\u00fcy\u00fcs\u00fcn\u00fc bir kez daha \u0130stanbul\u2019un kalbine ta\u015f\u0131d\u0131.<\/p>\n<p>20 \u00dcLKEDEN BA\u015eVURU<\/p>\n<p>Bu y\u0131l 20 \u00fclkeden yap\u0131lan 1980 ba\u015fvuru aras\u0131ndan se\u00e7ilen 100 finalist, festival kapsam\u0131nda izleyicilerle bulu\u015ftu. Etkinlik kapsam\u0131nda \u00f6d\u00fcll\u00fc yap\u0131mlar\u0131n g\u00f6sterimlerinin yan\u0131 s\u0131ra, sekt\u00f6r\u00fcn \u00f6nde gelen isimleriyle Ece Pirim moderat\u00f6rl\u00fc\u011f\u00fcnde s\u00f6yle\u015filer ve sinema d\u00fcnyas\u0131n\u0131n \u00f6nemli konular\u0131n\u0131n ele al\u0131nd\u0131\u011f\u0131 paneller de d\u00fczenlendi.<\/p>\n<p>J\u00dcR\u0130DE USTA \u0130S\u0130MLER YER ALDI<\/p>\n<p>Festivalin gala gecesi ise 16 Mart Pazar gecesi yap\u0131ld\u0131. Nefise Karatay ve \u015eebnem Schaefer\u2019in sunumuyla ger\u00e7ekle\u015fen t\u00f6rende, Sancaktepe Belediye Ba\u015fkan\u0131 Alper Ye\u011fin\u2019in a\u00e7\u0131l\u0131\u015f konu\u015fmas\u0131n\u0131n ard\u0131ndan Festival Direkt\u00f6r\u00fc Dr. G\u00f6rkem Ulud\u00fcz, festivalin sanat ve k\u00fclt\u00fcr d\u00fcnyas\u0131ndaki yerini anlatt\u0131.<\/p>\n<p>Ard\u0131ndan M\u00fcjdat Gezen, Bedri Baykam, Tamer Levent, Prof. Dr. Murat \u00d6nsoy, Do\u00e7. Dr. Zeynep Merve \u015e\u0131vg\u0131n \u00d6nsoy, Bulut \u00d6zdemir ve Mehmet Sindel\u2019in yer ald\u0131\u011f\u0131 j\u00fcri taraf\u0131ndan belirlenen farkl\u0131 kategorilerdeki \u00f6d\u00fcller sahiplerine takdim edildi.<\/p>\n<p>TAMER LEVENT: DAHA SIK YAPILMALI<\/p>\n<p>Organizasyon hakk\u0131nda konu\u015fan usta oyuncu Tamer Levent, \u201cFilm festivalinde j\u00fcri \u00fcyesiydim. Sinema her zaman desteklenmeli. B\u00f6yle organizasyonlar\u0131n daha s\u0131k yap\u0131lmas\u0131 gerekiyor. T\u00fcrk sinemas\u0131nda \u00e7ok ba\u015far\u0131l\u0131 filmler var. Uluslararas\u0131 alanda da ba\u015far\u0131lar elde ettik. Ayr\u0131ca dizilerimiz de o kadar etkili ki, insan\u0131 esir al\u0131yor\u201d dedi. Levent\u2019e pop\u00fcler oyuncular\u0131n \u00e7ok tart\u0131\u015f\u0131lan ka\u015feleri hakk\u0131nda ne d\u00fc\u015f\u00fcnd\u00fc\u011f\u00fc de soruldu. Usta sanat\u00e7\u0131, \u201cBen Devlet Tiyatrosu mezunuyum. Bu konuda bir \u015fey s\u00f6ylemiyorum. \u00c7\u00fcnk\u00fc o yap\u0131mc\u0131n\u0131n sorunu. \u0130\u015f yaparak o rakamlar\u0131 verebiliyorsa verir. Bu kar\u015f\u0131l\u0131kl\u0131 bir anla\u015fmad\u0131r\u201d diye konu\u015ftu.<\/p>\n<p>NEF\u0130SE KARATAY: FEST\u0130VAL F\u0130LM\u0130NDEN TEKL\u0130F GELSE OYNARIM<\/p>\n<p>Gala gecesinde sunuculuk yapan Nefise Karatay, bir festival filminden teklif alsa kabul edip etmeyece\u011fi sorusuna \u201cFestival filmi teklifi gelse oynamak isterim. Oyunculuk yapmay\u0131 seviyorum. Ama proje de \u00f6nemli tabii\u201d yan\u0131t\u0131n\u0131 verdi. Gecenin di\u011fer sunucusu \u015eebnem Schaefer da \u201cBen bir k\u0131sa filmde oynad\u0131m, uluslararas\u0131 bir yar\u0131\u015fmada yer ald\u0131. Sinemaya destek vermeyi seviyorum. \u015eu an da g\u00fcndemimde birka\u00e7 proje var\u201d a\u00e7\u0131klamas\u0131n\u0131 yapt\u0131.<\/p>\n<p>&nbsp;<\/p>\n<p>\u0130\u015eTE \u00d6D\u00dcLLER<br \/>\n&#8212;&#8212;&#8212;&#8212;<\/p>\n<p>EN \u0130Y\u0130 YABANCI KISA F\u0130LM: Cellar (Y\u00f6n: Dmitry Pasichnyuk) Rusya<\/p>\n<p>EN \u0130Y\u0130 YERL\u0130 KISA F\u0130LM: Tradition (Y\u00f6n: Ali R\u0131za Bayaz\u0131t)<br \/>\nT\u00fcrkiye<\/p>\n<p>EN \u0130Y\u0130 BELGESEL KISA F\u0130LM: Sezenler Olsun (Y\u00f6n: Adem Giliz)<br \/>\nT\u00fcrkiye, Hide and Seak (Y\u00f6n: Yanhai Gui) \u0130ngiltere<\/p>\n<p>EN \u0130Y\u0130 UZUN METRAJ BELGESEL F\u0130LM: Headman M\u00fccahit (Y\u00f6n: Ferhat \u015eenda\u011f) T\u00fcrkiye, Gaza-A Stolen Childhood (Y\u00f6n: Moamen Ghonem)<br \/>\nKatar<\/p>\n<p>EN \u0130Y\u0130 \u00d6\u011eRENC\u0130 F\u0130LM: I am Nadir (Y\u00f6n: Sel\u00e7uk Kaan Salk) T\u00fcrkiye, Sleepy (Y\u00f6n: Serafima Mironova) Rusya<\/p>\n<p>EN \u0130Y\u0130 \u00d6\u011eRENC\u0130 Y\u00d6NETMEN: Ash Wednesday (Y\u00f6n: Grace O&#8217;Brien)<br \/>\nABD<\/p>\n<p>EN \u0130Y\u0130 UZUN METRAJ F\u0130LM: The Spin (Y\u00f6n: Bermondsy Tales) Birle\u015fik Krall\u0131k<\/p>\n<p>EN \u0130Y\u0130 Y\u00d6NETMEN: Onur G\u00fcler (The Surrogate Girl) T\u00fcrkiye<\/p>\n<p>EN \u0130Y\u0130 AN\u0130MASYON: In Half (Y\u00f6n: Jorge Morais Valle) \u0130spanya<\/p>\n<p>EN \u0130Y\u0130 YAPIMCI: A. Selim Tuncer (A\u015fk\u0131n D\u00fcnk\u00fc \u00c7ocuklar\u0131) T\u00fcrkiye<\/p>\n<p>EN \u0130Y\u0130 KADIN OYUNCU: Pervin Ba\u011fdat (Two Women Behind Bars) T\u00fcrkiye, Z\u00fcmr\u00fct Erkin (Two Women Behind Bars) T\u00fcrkiye, H\u00fclya Av\u015far (A\u015fk\u0131n D\u00fcnk\u00fc \u00c7ocuklar\u0131) T\u00fcrkiye<\/p>\n<p>EN \u0130Y\u0130 ERKEK OYUNCU: Ahmadzia Baktyari (Only When You Bury Me In This Earth) \u0130ngiltere, U\u011fur Y\u00fccel (A\u015fk\u0131n D\u00fcnk\u00fc \u00c7ocuklar\u0131) T\u00fcrkiye<\/p>\n<p>EN \u0130Y\u0130 S\u0130NEMATOGRAF\u0130: The Forgiven (Y\u00f6n: Burak Kablan)<\/p>\n<p>EN \u0130Y\u0130 SENARYO: We Need to Talk About Dilan (Y\u00f6n: Umut \u015eilan O\u011furlu) T\u00fcrkiye<\/p>\n<p>&nbsp;<\/p>\n<p>G\u00fczeller g\u00fczeli program yap\u0131mc\u0131s\u0131 , i\u015f kad\u0131n\u0131 ve sanat\u00e7\u0131 Reyhan CANSU, yap\u0131mc\u0131 , y\u00f6netmen ve oyuncu Osman KOYUN , i\u015f insan\u0131 Emir EM\u0130RHANO\u011eLU , g\u00fczel oyuncu Nazl\u0131 Nur KEKL\u0130K ve Ak Parti \u0130stanbul Milletvekili Av. Serkan BAYRAM geceye onur konu\u011fu olarak kat\u0131lan isimler aras\u0131ndayd\u0131.<img fetchpriority=\"high\" decoding=\"async\" class=\"aligncenter size-medium wp-image-4807\" src=\"https:\/\/magazinlist.com\/wp-content\/uploads\/2025\/03\/IMG-20250317-WA0031-300x300.jpg\" alt=\"\" width=\"300\" height=\"300\" srcset=\"https:\/\/magazinlist.com\/wp-content\/uploads\/2025\/03\/IMG-20250317-WA0031-300x300.jpg 300w, https:\/\/magazinlist.com\/wp-content\/uploads\/2025\/03\/IMG-20250317-WA0031-1024x1024.jpg 1024w, https:\/\/magazinlist.com\/wp-content\/uploads\/2025\/03\/IMG-20250317-WA0031-150x150.jpg 150w, https:\/\/magazinlist.com\/wp-content\/uploads\/2025\/03\/IMG-20250317-WA0031-768x768.jpg 768w, https:\/\/magazinlist.com\/wp-content\/uploads\/2025\/03\/IMG-20250317-WA0031-1536x1536.jpg 1536w, https:\/\/magazinlist.com\/wp-content\/uploads\/2025\/03\/IMG-20250317-WA0031-330x330.jpg 330w, https:\/\/magazinlist.com\/wp-content\/uploads\/2025\/03\/IMG-20250317-WA0031-180x180.jpg 180w, https:\/\/magazinlist.com\/wp-content\/uploads\/2025\/03\/IMG-20250317-WA0031-120x120.jpg 120w, https:\/\/magazinlist.com\/wp-content\/uploads\/2025\/03\/IMG-20250317-WA0031.jpg 2048w\" sizes=\"(max-width: 300px) 100vw, 300px\" \/><\/p>","protected":false},"excerpt":{"rendered":"<p>3. \u0130stanbul Uluslararas\u0131 Bahar Film Festivali hafta sonu yap\u0131ld\u0131 \u0130stanbul\u2019da sinema \u015f\u00f6leni D\u00fcnya sinemas\u0131 Sancaktepe\u2019de &nbsp; Sanat\u0131n ve d\u00fcnya sinemas\u0131n\u0131n nabz\u0131 Sancaktepe&#8217;de att\u0131. \u0130stanbul Uluslararas\u0131 Bahar Film Festivali 2025, 15-16 Mart g\u00fcnlerinde \u00fcnl\u00fc isimlerin kat\u0131l\u0131m\u0131yla ger\u00e7ekle\u015fti. &nbsp; Sinema d\u00fcnyas\u0131n\u0131n en prestijli etkinliklerinden \u0130stanbul Uluslararas\u0131 Bahar Film Festivali\u2019nin \u00fc\u00e7\u00fcnc\u00fcs\u00fc, 15-16 Mart tarihlerinde Sancaktepe Sahnesi\u2019nde ger\u00e7ekle\u015fti. Sancaktepe [&hellip;]<\/p>\n","protected":false},"author":1,"featured_media":4808,"comment_status":"open","ping_status":"open","sticky":false,"template":"","format":"standard","meta":{"_angie_page":false,"ai_generated_summary":"","page_builder":"","wpai_meta_description":"","footnotes":""},"categories":[33],"tags":[],"class_list":["post-4806","post","type-post","status-publish","format-standard","has-post-thumbnail","hentry","category-magazin"],"brizy_media":[],"_links":{"self":[{"href":"https:\/\/magazinlist.com\/en\/wp-json\/wp\/v2\/posts\/4806","targetHints":{"allow":["GET"]}}],"collection":[{"href":"https:\/\/magazinlist.com\/en\/wp-json\/wp\/v2\/posts"}],"about":[{"href":"https:\/\/magazinlist.com\/en\/wp-json\/wp\/v2\/types\/post"}],"author":[{"embeddable":true,"href":"https:\/\/magazinlist.com\/en\/wp-json\/wp\/v2\/users\/1"}],"replies":[{"embeddable":true,"href":"https:\/\/magazinlist.com\/en\/wp-json\/wp\/v2\/comments?post=4806"}],"version-history":[{"count":1,"href":"https:\/\/magazinlist.com\/en\/wp-json\/wp\/v2\/posts\/4806\/revisions"}],"predecessor-version":[{"id":4809,"href":"https:\/\/magazinlist.com\/en\/wp-json\/wp\/v2\/posts\/4806\/revisions\/4809"}],"wp:featuredmedia":[{"embeddable":true,"href":"https:\/\/magazinlist.com\/en\/wp-json\/wp\/v2\/media\/4808"}],"wp:attachment":[{"href":"https:\/\/magazinlist.com\/en\/wp-json\/wp\/v2\/media?parent=4806"}],"wp:term":[{"taxonomy":"category","embeddable":true,"href":"https:\/\/magazinlist.com\/en\/wp-json\/wp\/v2\/categories?post=4806"},{"taxonomy":"post_tag","embeddable":true,"href":"https:\/\/magazinlist.com\/en\/wp-json\/wp\/v2\/tags?post=4806"}],"curies":[{"name":"wp","href":"https:\/\/api.w.org\/{rel}","templated":true}]}}