{"id":4835,"date":"2025-04-01T18:07:33","date_gmt":"2025-04-01T18:07:33","guid":{"rendered":"https:\/\/magazinlist.com\/?p=4835"},"modified":"2025-04-06T21:04:55","modified_gmt":"2025-04-06T21:04:55","slug":"secil-avcinin-kagittan-kuslar-sarkisi-yayinda","status":"publish","type":"post","link":"https:\/\/magazinlist.com\/en\/secil-avcinin-kagittan-kuslar-sarkisi-yayinda\/","title":{"rendered":"Se\u00e7il Avc\u0131&#8217;n\u0131n Ka\u011f\u0131ttan Ku\u015flar \u015fark\u0131s\u0131 yay\u0131nda"},"content":{"rendered":"<p>&nbsp;<\/p>\n<blockquote><p>Se\u00e7il Avc\u0131&#8217;n\u0131n Ka\u011f\u0131ttan Ku\u015flar \u015fark\u0131s\u0131 yay\u0131nda!..<\/p><\/blockquote>\n<p>&nbsp;<\/p>\n<p>&nbsp;<\/p>\n<p>&nbsp;<\/p>\n<p>&nbsp;<\/p>\n<p>\u0130zmirli Sanat\u00e7\u0131 Se\u00e7il Avc\u0131\u2019dan Umuda Yolculuk: \u201cKa\u011f\u0131ttan Ku\u015flar\u201d Yay\u0131nda!<\/p>\n<p>&nbsp;<\/p>\n<p>\u0130zmirli sanat\u00e7\u0131 Se\u00e7il Avc\u0131, derin anlamlar ta\u015f\u0131yan yeni \u015fark\u0131s\u0131 \u201cKa\u011f\u0131ttan Ku\u015flar\u201d ile dinleyicilerine duygusal ve ilham verici bir yolculuk sunuyor. Sanat\u00e7\u0131n\u0131n hem bestesini yapt\u0131\u011f\u0131 hem de seslendirdi\u011fi eser, Japon k\u00fclt\u00fcr\u00fcndeki dokunakl\u0131 bir efsaneden ilham al\u0131yor.<\/p>\n<p>&nbsp;<\/p>\n<p>Bir Efsaneden \u0130lham, Bir \u015eark\u0131ya D\u00f6n\u00fc\u015fen Hik\u00e2ye<\/p>\n<p>\u201cKa\u011f\u0131ttan Ku\u015flar\u201d, bin adet ka\u011f\u0131ttan turna ku\u015fu yapan ki\u015finin dile\u011finin ger\u00e7ekle\u015fece\u011fine inan\u0131lan Japon efsanesinden yola \u00e7\u0131k\u0131yor. \u015eark\u0131, \u00f6zellikle \u0130kinci D\u00fcnya Sava\u015f\u0131 sonras\u0131 Hiro\u015fima\u2019da ya\u015fanan ac\u0131lar\u0131n simgesi haline gelen k\u00fc\u00e7\u00fck bir \u00e7ocu\u011fun dramatik hik\u00e2yesini merkezine al\u0131yor. Atom bombas\u0131 sonras\u0131 hastalanan ve iyile\u015fmek umuduyla ka\u011f\u0131ttan ku\u015flar yapmaya ba\u015flayan fakat bin taneyi tamamlayamadan hayata veda eden k\u016b\u00e7\u016bk bir \u00e7ocu\u011fun hikayesinden ilham al\u0131narak Se\u00e7il Avc\u0131 taraf\u0131ndan yaz\u0131lan ve yorulmanan bu eserle yeniden hayat buluyor.<\/p>\n<p>&nbsp;<\/p>\n<p>Kaybolmu\u015fluk, Umut ve \u0130\u00e7sel Yolculuk<\/p>\n<p>Eser, kaybolmu\u015fluk ve i\u00e7sel yolculuk temalar\u0131n\u0131 zarif bir anlat\u0131mla i\u015flerken, ayn\u0131 zamanda ka\u011f\u0131ttan ku\u015flar gibi k\u0131r\u0131lgan ama diren\u00e7li bir umudu simgeliyor. Duygulara dokunan melodisiyle \u201cKa\u011f\u0131ttan Ku\u015flar\u201d, sadece bir \u015fark\u0131 de\u011fil; ge\u00e7mi\u015fin ac\u0131lar\u0131ndan s\u00fcz\u00fclen bir umut manifestosu olarak \u00f6ne \u00e7\u0131k\u0131yor.<\/p>\n<p>&nbsp;<\/p>\n<p>Se\u00e7il Avc\u0131 Kimdir?<\/p>\n<p>1985 \u0130zmir do\u011fumlu Se\u00e7il Avc\u0131, E\u011fitim Fak\u00fcltesi mezunu olup Dokuz Eyl\u00fcl \u00dcniversitesi\u2019nde y\u00fcksek lisans\u0131n\u0131 tamamlam\u0131\u015ft\u0131r. 17 y\u0131ld\u0131r \u0130zmir\u2019de devlet kadrosunda \u00f6\u011fretmen olarak g\u00f6rev yapan sanat\u00e7\u0131, k\u00fc\u00e7\u00fck ya\u015flardan itibaren m\u00fczikle i\u00e7 i\u00e7e bir hayat s\u00fcrmektedir. Piyano, gitar ve keman \u00e7alabilen Avc\u0131, kendi \u015fark\u0131lar\u0131n\u0131 besteleyip seslendirmektedir. M\u00fczik \u00e7al\u0131\u015fmalar\u0131na Kar\u015f\u0131yaka\u2019daki St\u00fcdyo Crash i\u015f birli\u011fiyle devam etmektedir.<\/p>\n<p>&nbsp;<\/p>\n<p>\u015eark\u0131y\u0131 dinlemek i\u00e7in:<\/p>\n<p><iframe title=\"Sec\u0327il Avc\u0131 - Kag\u0306\u0131ttan Kus\u0327lar\" width=\"800\" height=\"450\" src=\"https:\/\/www.youtube.com\/embed\/HCXJ-XbzsDw?feature=oembed\" frameborder=\"0\" allow=\"accelerometer; autoplay; clipboard-write; encrypted-media; gyroscope; picture-in-picture; web-share\" referrerpolicy=\"strict-origin-when-cross-origin\" allowfullscreen><\/iframe><\/p>\n<p>&nbsp;<\/p>\n<p>\u015eark\u0131n\u0131n wav halini indirmek i\u00e7in link :<\/p>\n<p>https:\/\/drive.google.com\/file\/d\/1n0Niq4RvheBVuON-JYAX-WcQpGN4pL4t\/view<\/p>\n<p>&nbsp;<\/p>\n<p>R\u00f6portaj talepleriniz i\u00e7in<\/p>\n<p>Bas\u0131n \u0130leti\u015fim :<\/p>\n<p>\u00d6zcan Beylan<\/p>\n<p>Tel. 0506 343 65 50<\/p>","protected":false},"excerpt":{"rendered":"<p>&nbsp; Se\u00e7il Avc\u0131&#8217;n\u0131n Ka\u011f\u0131ttan Ku\u015flar \u015fark\u0131s\u0131 yay\u0131nda!.. &nbsp; &nbsp; &nbsp; &nbsp; \u0130zmirli Sanat\u00e7\u0131 Se\u00e7il Avc\u0131\u2019dan Umuda Yolculuk: \u201cKa\u011f\u0131ttan Ku\u015flar\u201d Yay\u0131nda! &nbsp; \u0130zmirli sanat\u00e7\u0131 Se\u00e7il Avc\u0131, derin anlamlar ta\u015f\u0131yan yeni \u015fark\u0131s\u0131 \u201cKa\u011f\u0131ttan Ku\u015flar\u201d ile dinleyicilerine duygusal ve ilham verici bir yolculuk sunuyor. Sanat\u00e7\u0131n\u0131n hem bestesini yapt\u0131\u011f\u0131 hem de seslendirdi\u011fi eser, Japon k\u00fclt\u00fcr\u00fcndeki dokunakl\u0131 bir efsaneden ilham [&hellip;]<\/p>\n","protected":false},"author":1,"featured_media":0,"comment_status":"open","ping_status":"open","sticky":false,"template":"","format":"standard","meta":{"_angie_page":false,"ai_generated_summary":"","page_builder":"","wpai_meta_description":"","footnotes":""},"categories":[33],"tags":[],"class_list":["post-4835","post","type-post","status-publish","format-standard","hentry","category-magazin"],"brizy_media":[],"_links":{"self":[{"href":"https:\/\/magazinlist.com\/en\/wp-json\/wp\/v2\/posts\/4835","targetHints":{"allow":["GET"]}}],"collection":[{"href":"https:\/\/magazinlist.com\/en\/wp-json\/wp\/v2\/posts"}],"about":[{"href":"https:\/\/magazinlist.com\/en\/wp-json\/wp\/v2\/types\/post"}],"author":[{"embeddable":true,"href":"https:\/\/magazinlist.com\/en\/wp-json\/wp\/v2\/users\/1"}],"replies":[{"embeddable":true,"href":"https:\/\/magazinlist.com\/en\/wp-json\/wp\/v2\/comments?post=4835"}],"version-history":[{"count":2,"href":"https:\/\/magazinlist.com\/en\/wp-json\/wp\/v2\/posts\/4835\/revisions"}],"predecessor-version":[{"id":4845,"href":"https:\/\/magazinlist.com\/en\/wp-json\/wp\/v2\/posts\/4835\/revisions\/4845"}],"wp:attachment":[{"href":"https:\/\/magazinlist.com\/en\/wp-json\/wp\/v2\/media?parent=4835"}],"wp:term":[{"taxonomy":"category","embeddable":true,"href":"https:\/\/magazinlist.com\/en\/wp-json\/wp\/v2\/categories?post=4835"},{"taxonomy":"post_tag","embeddable":true,"href":"https:\/\/magazinlist.com\/en\/wp-json\/wp\/v2\/tags?post=4835"}],"curies":[{"name":"wp","href":"https:\/\/api.w.org\/{rel}","templated":true}]}}