{"id":4868,"date":"2025-04-27T08:46:32","date_gmt":"2025-04-27T08:46:32","guid":{"rendered":"https:\/\/magazinlist.com\/?p=4868"},"modified":"2025-04-27T08:46:32","modified_gmt":"2025-04-27T08:46:32","slug":"tayf-film-festivalinin-muhtesem-finali","status":"publish","type":"post","link":"https:\/\/magazinlist.com\/en\/tayf-film-festivalinin-muhtesem-finali\/","title":{"rendered":"TAYF F\u0130LM FEST\u0130VAL\u0130N\u0130N MUHTE\u015eEM F\u0130NAL\u0130"},"content":{"rendered":"<p>T.C. K\u00fclt\u00fcr ve Turizm Bakanl\u0131\u011f\u0131 Sinema Genel M\u00fcd\u00fcrl\u00fc\u011f\u00fc ve \u0130stanbul Topkap\u0131 \u00dcniversitesi\u2019nin katk\u0131lar\u0131yla d\u00fczenlenen 4. TAYF Uluslararas\u0131 K\u0131sa Film Festivali, 26 Nisan Cumartesi g\u00fcn\u00fc saat 13.00\u2019te Atat\u00fcrk K\u00fclt\u00fcr Merkezi\u2019nde d\u00fczenlenen \u00f6d\u00fcl t\u00f6reniyle sona erdi. T\u00f6rene \u0130stanbul Vali Yard\u0131mc\u0131s\u0131 Mehmet S\u00fcl\u00fcn de kat\u0131ld\u0131.<\/p>\n<p>T\u00f6renin a\u00e7\u0131l\u0131\u015f konu\u015fmas\u0131n\u0131 yapan \u0130stanbul Topkap\u0131 \u00dcniversitesi Rekt\u00f6r\u00fc Prof. Dr. Emre Alkin, konu\u015fmas\u0131nda gen\u00e7 sinemac\u0131lar\u0131n yarat\u0131c\u0131l\u0131\u011f\u0131n\u0131 desteklemenin \u00f6nemine de\u011findi. \u0130stanbul Topkap\u0131 \u00dcniversitesinin iki y\u0131ld\u0131r destekledi\u011fi TAYF film festivalini desteklemeye devam edeceklerini vurdularken olduk\u00e7a kalabal\u0131k olan salonu i\u015faret ederek seneye daha b\u00fcy\u00fck salonlarda bulu\u015faca\u011f\u0131z dedi.<br \/>\nFestival Direkt\u00f6r\u00fc ve \u0130stanbul Topkap\u0131 \u00dcniversitesi \u0130leti\u015fim Fak\u00fcltesi Dekan Yard\u0131mc\u0131s\u0131 Do\u00e7. Dr. Nagihan \u00c7akar konu\u015fmas\u0131nda TAYF\u2019\u0131n d\u00f6rt y\u0131l \u00f6nce k\u0131sa film \u00fcreticilerine bir alan a\u00e7ma, sineman\u0131n birle\u015ftirici g\u00fcc\u00fcn\u00fc kutlama ve yarat\u0131c\u0131 bulu\u015fmalar i\u00e7in bir platform olma hedefiyle yola \u00e7\u0131kt\u0131\u011f\u0131n\u0131 vurgulayarak, festivalin bug\u00fcn bir hayal ortakl\u0131\u011f\u0131na d\u00f6n\u00fc\u015ft\u00fc\u011f\u00fcn\u00fc belirtti. K\u00fclt\u00fcr ve Turizm Bakanl\u0131\u011f\u0131 Sinema Genel M\u00fcd\u00fcrl\u00fc\u011f\u00fc\u2019ne, \u0130stanbul Topkap\u0131 \u00dcniversitesi\u2019ne, j\u00fcri \u00fcyelerine, festival ekibine, sponsorlar\u0131na ve destek veren t\u00fcm kurulu\u015flara te\u015fekk\u00fcrlerini sunan \u00c7akar, &#8216;Bu gece sadece \u00f6d\u00fclleri de\u011fil; eme\u011fi, tutkuyu, sabr\u0131 ve hayalleri kutluyoruz. Finale kalan t\u00fcm y\u00f6netmenleri ve ekipleri g\u00f6n\u00fclden tebrik ediyorum,&#8217; ifadeleriyle konu\u015fmas\u0131n\u0131 tamamlad\u0131. G\u00fczeller g\u00fczeli sunucu Hande SARIO\u011eLU ,nun sunumuyla renklendi.<\/p>\n<p>Festivalin \u00fc\u00e7 g\u00fcn boyunca s\u00fcren program\u0131nda finalist filmler, paneller, y\u00f6netmen s\u00f6yle\u015fileri ve oyuncu bulu\u015fmalar\u0131 yer ald\u0131. Finale kalan k\u0131sa filmler aras\u0131ndan ba\u015fkanl\u0131\u011f\u0131n\u0131 Y\u00f6netmen-Gazeteci Nebil \u00d6zgent\u00fcrk\u2019\u00fcn yapt\u0131\u011f\u0131 ve \u00fcyeleri aras\u0131nda Oyuncu Caner Cindoruk, Sinema Yazar\u0131-Akademisyen Bar\u0131\u015f Saydam, Oyuncu Nazan Kesal, Belgesel Yap\u0131mc\u0131s\u0131 ve Reklam Y\u00f6netmeni Ahmet Utlu, K\u00f6\u015fe Yazar\u0131 \u0130hsan Y\u0131lmaz, Gazeteci Mukaddes Kaya, Senarist Arda Ek\u015figil\u2019in de bulundu\u011fu j\u00fcri taraf\u0131ndan yap\u0131lan de\u011ferlendirme sonucunda 6 ana kategoride \u00f6d\u00fcller sahiplerini buldu. Ayr\u0131ca teknik dallarda ba\u015far\u0131 g\u00f6steren yap\u0131mlar da onurland\u0131r\u0131ld\u0131.<br \/>\nSunuculu\u011funu Hande Sar\u0131o\u011flu\u2019nun yapt\u0131\u011f\u0131 Festivalin bu y\u0131lki b\u00fcy\u00fck \u00f6d\u00fclleri \u015f\u00f6yle da\u011f\u0131ld\u0131: En \u0130yi Ulusal K\u0131sa Film dal\u0131nda \u00d6mer Ferhat \u00d6zmen\u2019in \u201cEksi Bir\u201d filmi, En \u0130yi Ulusal \u00d6\u011frenci Filmi kategorisinde Ya\u015far G\u00fcney Yurdakul\u2019un \u201cK\u00f6t\u00fc Bir G\u00fcn\u201d filmi, En \u0130yi Uluslararas\u0131 K\u0131sa Film \u00f6d\u00fcl\u00fc ise \u0130ranl\u0131 y\u00f6netmen Mahdi Iravani\u2019nin \u201cManuscripts\u201d adl\u0131 filmi \u00f6d\u00fcl al\u0131rken, Belgesel dal\u0131nda Hasan Ete\u2019nin \u201c\u0130yi \u00d6l\u00fcm\u201d filmi \u00f6d\u00fcllendirildi.<br \/>\nEn \u0130yi Y\u00f6netmen \u00f6d\u00fcl\u00fcn\u00fc \u201cEksi Bir\u201d filmiyle \u00d6mer Ferhat \u00d6zmen al\u0131rken, Ozan Ayhan (Bomba) En \u0130yi Erkek Oyuncu, Asl\u0131han Kapan\u015fahin (Hangi Gece B\u00fcy\u00fcd\u00fcysem) En \u0130yi Kad\u0131n Oyuncu se\u00e7ildi. Teknik dallarda Ziya Kasapo\u011flu (G\u00fcnayd\u0131n Anne) En \u0130yi G\u00f6r\u00fcnt\u00fc Y\u00f6netmeni, Deniz B\u00fcy\u00fckk\u0131rl\u0131 (Tavuk Suyuna \u00c7orba) En \u0130yi Senaryo, \u00d6zge U\u00e7ar (Yolda) En \u0130yi Kurgu \u00f6d\u00fcl\u00fcn\u00fc ald\u0131lar. J\u00fcri \u00d6zel \u00d6d\u00fcl\u00fcne ise \u201cRehber\u201d filmiyle Mert Erez lay\u0131k g\u00f6r\u00fcld\u00fc.<br \/>\n4. y\u0131l\u0131n\u0131 ba\u015far\u0131yla tamamlayan TAYF Uluslararas\u0131 K\u0131sa Film Festivali, 2026 y\u0131l\u0131nda be\u015finci y\u0131l co\u015fkusuyla yoluna devam edecek. Festival y\u00f6netimi, daha geni\u015f kat\u0131l\u0131ml\u0131 ve uluslararas\u0131 i\u015f birliklerini art\u0131racak yeni projeler \u00fczerinde \u00e7al\u0131\u015fmalar\u0131n\u0131 s\u00fcrd\u00fcr\u00fcyor.<\/p>\n<p>Tayf film festivali finaline, \u00fcnl\u00fclerin foto\u011fraf\u00e7\u0131s\u0131 &#8211; radyo programc\u0131s\u0131 Murat \u00d6ZDEM\u0130R, \u00fcnl\u00fclerin foto\u011fraf\u00e7\u0131s\u0131 &#8211; ulusal haber tv imtiyaz sahibi Emrah DURSUN, oyuncu Erol TA\u015eCI, oyuncu Levent \u0130DEM , oyuncu Willma ELLES, Avukat ve yap\u0131mc\u0131 Mehmet \u015eah \u00c7EL\u0130K, elektrik m\u00fchendisi Hasan DALKIRAN, oyuncu G\u00f6k\u00e7e EY\u00dcPO\u011eLU, oyuncu Ay\u00e7a \u0130NC\u0130 , televizyon programc\u0131s\u0131 &#8211; sunucu Do\u011fukan Erdem KUTLU , oyuncu Nazl\u0131 Nur KEKL\u0130K ve \u00fcnl\u00fclerin menajeri onur \u0130layda Nisa \u00d6ZER konu\u011fu olarak kat\u0131lan isimler aras\u0131ndayd\u0131<img fetchpriority=\"high\" decoding=\"async\" class=\"aligncenter size-medium wp-image-4869\" src=\"https:\/\/magazinlist.com\/wp-content\/uploads\/2025\/04\/IMG-20250427-WA0056-300x300.jpg\" alt=\"\" width=\"300\" height=\"300\" srcset=\"https:\/\/magazinlist.com\/wp-content\/uploads\/2025\/04\/IMG-20250427-WA0056-300x300.jpg 300w, https:\/\/magazinlist.com\/wp-content\/uploads\/2025\/04\/IMG-20250427-WA0056-1024x1024.jpg 1024w, https:\/\/magazinlist.com\/wp-content\/uploads\/2025\/04\/IMG-20250427-WA0056-150x150.jpg 150w, https:\/\/magazinlist.com\/wp-content\/uploads\/2025\/04\/IMG-20250427-WA0056-768x768.jpg 768w, https:\/\/magazinlist.com\/wp-content\/uploads\/2025\/04\/IMG-20250427-WA0056-1536x1536.jpg 1536w, https:\/\/magazinlist.com\/wp-content\/uploads\/2025\/04\/IMG-20250427-WA0056-330x330.jpg 330w, https:\/\/magazinlist.com\/wp-content\/uploads\/2025\/04\/IMG-20250427-WA0056-180x180.jpg 180w, https:\/\/magazinlist.com\/wp-content\/uploads\/2025\/04\/IMG-20250427-WA0056-120x120.jpg 120w, https:\/\/magazinlist.com\/wp-content\/uploads\/2025\/04\/IMG-20250427-WA0056.jpg 2048w\" sizes=\"(max-width: 300px) 100vw, 300px\" \/><\/p>","protected":false},"excerpt":{"rendered":"<p>T.C. K\u00fclt\u00fcr ve Turizm Bakanl\u0131\u011f\u0131 Sinema Genel M\u00fcd\u00fcrl\u00fc\u011f\u00fc ve \u0130stanbul Topkap\u0131 \u00dcniversitesi\u2019nin katk\u0131lar\u0131yla d\u00fczenlenen 4. TAYF Uluslararas\u0131 K\u0131sa Film Festivali, 26 Nisan Cumartesi g\u00fcn\u00fc saat 13.00\u2019te Atat\u00fcrk K\u00fclt\u00fcr Merkezi\u2019nde d\u00fczenlenen \u00f6d\u00fcl t\u00f6reniyle sona erdi. T\u00f6rene \u0130stanbul Vali Yard\u0131mc\u0131s\u0131 Mehmet S\u00fcl\u00fcn de kat\u0131ld\u0131. T\u00f6renin a\u00e7\u0131l\u0131\u015f konu\u015fmas\u0131n\u0131 yapan \u0130stanbul Topkap\u0131 \u00dcniversitesi Rekt\u00f6r\u00fc Prof. Dr. Emre Alkin, konu\u015fmas\u0131nda [&hellip;]<\/p>\n","protected":false},"author":1,"featured_media":4870,"comment_status":"open","ping_status":"open","sticky":false,"template":"","format":"standard","meta":{"_angie_page":false,"ai_generated_summary":"","page_builder":"","wpai_meta_description":"","footnotes":""},"categories":[33],"tags":[],"class_list":["post-4868","post","type-post","status-publish","format-standard","has-post-thumbnail","hentry","category-magazin"],"brizy_media":[],"_links":{"self":[{"href":"https:\/\/magazinlist.com\/en\/wp-json\/wp\/v2\/posts\/4868","targetHints":{"allow":["GET"]}}],"collection":[{"href":"https:\/\/magazinlist.com\/en\/wp-json\/wp\/v2\/posts"}],"about":[{"href":"https:\/\/magazinlist.com\/en\/wp-json\/wp\/v2\/types\/post"}],"author":[{"embeddable":true,"href":"https:\/\/magazinlist.com\/en\/wp-json\/wp\/v2\/users\/1"}],"replies":[{"embeddable":true,"href":"https:\/\/magazinlist.com\/en\/wp-json\/wp\/v2\/comments?post=4868"}],"version-history":[{"count":1,"href":"https:\/\/magazinlist.com\/en\/wp-json\/wp\/v2\/posts\/4868\/revisions"}],"predecessor-version":[{"id":4871,"href":"https:\/\/magazinlist.com\/en\/wp-json\/wp\/v2\/posts\/4868\/revisions\/4871"}],"wp:featuredmedia":[{"embeddable":true,"href":"https:\/\/magazinlist.com\/en\/wp-json\/wp\/v2\/media\/4870"}],"wp:attachment":[{"href":"https:\/\/magazinlist.com\/en\/wp-json\/wp\/v2\/media?parent=4868"}],"wp:term":[{"taxonomy":"category","embeddable":true,"href":"https:\/\/magazinlist.com\/en\/wp-json\/wp\/v2\/categories?post=4868"},{"taxonomy":"post_tag","embeddable":true,"href":"https:\/\/magazinlist.com\/en\/wp-json\/wp\/v2\/tags?post=4868"}],"curies":[{"name":"wp","href":"https:\/\/api.w.org\/{rel}","templated":true}]}}