{"id":4872,"date":"2025-04-29T10:18:22","date_gmt":"2025-04-29T10:18:22","guid":{"rendered":"https:\/\/magazinlist.com\/?p=4872"},"modified":"2025-04-29T10:24:47","modified_gmt":"2025-04-29T10:24:47","slug":"7-intisad-uluslararasi-is-insanlari-odul-toreni-sahiplerini-buldu","status":"publish","type":"post","link":"https:\/\/magazinlist.com\/en\/7-intisad-uluslararasi-is-insanlari-odul-toreni-sahiplerini-buldu\/","title":{"rendered":"7. \u0130NT\u0130SAD ULUSLARARASI \u0130\u015e \u0130NSANLARI \u00d6D\u00dcL T\u00d6REN\u0130 SAH\u0130PLER\u0130N\u0130 BULDU"},"content":{"rendered":"<p>Av. Selahattin PAR,\u0131n ev sahipli\u011finde d\u00fczenlenen k\u0131rm\u0131z\u0131 hal\u0131 sunuculu\u011funu g\u00fczeller g\u00fczeli Willma ELLES,in \u00fcstlendi\u011fi , sunuculu\u011funu Mesut YARIN yapt\u0131\u011f\u0131 7. intisad uluslararas\u0131 i\u015f insanlar\u0131 \u00f6d\u00fcl t\u00f6reni muhte\u015fem gece ile sahiplerini buldu.<\/p>\n<p>Gecede Ayta\u00e7 A\u011eDA\u011e, Deniz BAYRAMO\u011eLU, R\u0131dvan BIYIK, Ahmet Sel\u00e7uk \u0130LKAN, Defne SAMYEL\u0130, G\u00f6khan TA\u015eKIN, \u0130lyas YAL\u00c7INTA\u015e, Umut AKY\u00dcREK, Urfa B\u00fcy\u00fck\u015fehir Belediye Ba\u015fkan\u0131 Kas\u0131m G\u00dcLPINAR \u00f6d\u00fcle lay\u0131k g\u00f6r\u00fclen isimler aras\u0131ndayd\u0131.<\/p>\n<p>Geceye i\u015f insan\u0131 G\u00fcrkan BALIK, Yasemin M\u0130SA, Keman Virt\u00fc\u00f6z\u00fc Anna M\u0130ADZVEDZEVA ve gen\u00e7 giri\u015fimci &#8211; i\u015f insan\u0131 Dorukcan \u00c7INGIRLAR onur konu\u011fu olarak kat\u0131lan isimler aras\u0131ndayd\u0131.<img fetchpriority=\"high\" decoding=\"async\" class=\"aligncenter size-medium wp-image-4875\" src=\"https:\/\/magazinlist.com\/wp-content\/uploads\/2025\/04\/IMG-20250428-WA0010-300x300.jpg\" alt=\"\" width=\"300\" height=\"300\" srcset=\"https:\/\/magazinlist.com\/wp-content\/uploads\/2025\/04\/IMG-20250428-WA0010-300x300.jpg 300w, https:\/\/magazinlist.com\/wp-content\/uploads\/2025\/04\/IMG-20250428-WA0010-1024x1024.jpg 1024w, https:\/\/magazinlist.com\/wp-content\/uploads\/2025\/04\/IMG-20250428-WA0010-150x150.jpg 150w, https:\/\/magazinlist.com\/wp-content\/uploads\/2025\/04\/IMG-20250428-WA0010-768x768.jpg 768w, https:\/\/magazinlist.com\/wp-content\/uploads\/2025\/04\/IMG-20250428-WA0010-1536x1536.jpg 1536w, https:\/\/magazinlist.com\/wp-content\/uploads\/2025\/04\/IMG-20250428-WA0010-330x330.jpg 330w, https:\/\/magazinlist.com\/wp-content\/uploads\/2025\/04\/IMG-20250428-WA0010-180x180.jpg 180w, https:\/\/magazinlist.com\/wp-content\/uploads\/2025\/04\/IMG-20250428-WA0010-120x120.jpg 120w, https:\/\/magazinlist.com\/wp-content\/uploads\/2025\/04\/IMG-20250428-WA0010.jpg 1600w\" sizes=\"(max-width: 300px) 100vw, 300px\" \/> <img decoding=\"async\" class=\"aligncenter size-medium wp-image-4877\" src=\"https:\/\/magazinlist.com\/wp-content\/uploads\/2025\/04\/IMG-20250428-WA0009-300x300.jpg\" alt=\"\" width=\"300\" height=\"300\" srcset=\"https:\/\/magazinlist.com\/wp-content\/uploads\/2025\/04\/IMG-20250428-WA0009-300x300.jpg 300w, https:\/\/magazinlist.com\/wp-content\/uploads\/2025\/04\/IMG-20250428-WA0009-1024x1024.jpg 1024w, https:\/\/magazinlist.com\/wp-content\/uploads\/2025\/04\/IMG-20250428-WA0009-150x150.jpg 150w, https:\/\/magazinlist.com\/wp-content\/uploads\/2025\/04\/IMG-20250428-WA0009-768x768.jpg 768w, https:\/\/magazinlist.com\/wp-content\/uploads\/2025\/04\/IMG-20250428-WA0009-1536x1536.jpg 1536w, https:\/\/magazinlist.com\/wp-content\/uploads\/2025\/04\/IMG-20250428-WA0009-330x330.jpg 330w, https:\/\/magazinlist.com\/wp-content\/uploads\/2025\/04\/IMG-20250428-WA0009-180x180.jpg 180w, https:\/\/magazinlist.com\/wp-content\/uploads\/2025\/04\/IMG-20250428-WA0009-120x120.jpg 120w, https:\/\/magazinlist.com\/wp-content\/uploads\/2025\/04\/IMG-20250428-WA0009.jpg 1600w\" sizes=\"(max-width: 300px) 100vw, 300px\" \/><\/p>","protected":false},"excerpt":{"rendered":"<p>Av. Selahattin PAR,\u0131n ev sahipli\u011finde d\u00fczenlenen k\u0131rm\u0131z\u0131 hal\u0131 sunuculu\u011funu g\u00fczeller g\u00fczeli Willma ELLES,in \u00fcstlendi\u011fi , sunuculu\u011funu Mesut YARIN yapt\u0131\u011f\u0131 7. intisad uluslararas\u0131 i\u015f insanlar\u0131 \u00f6d\u00fcl t\u00f6reni muhte\u015fem gece ile sahiplerini buldu. Gecede Ayta\u00e7 A\u011eDA\u011e, Deniz BAYRAMO\u011eLU, R\u0131dvan BIYIK, Ahmet Sel\u00e7uk \u0130LKAN, Defne SAMYEL\u0130, G\u00f6khan TA\u015eKIN, \u0130lyas YAL\u00c7INTA\u015e, Umut AKY\u00dcREK, Urfa B\u00fcy\u00fck\u015fehir Belediye Ba\u015fkan\u0131 Kas\u0131m G\u00dcLPINAR [&hellip;]<\/p>\n","protected":false},"author":1,"featured_media":4873,"comment_status":"open","ping_status":"open","sticky":false,"template":"","format":"standard","meta":{"_angie_page":false,"ai_generated_summary":"","page_builder":"","wpai_meta_description":"","footnotes":""},"categories":[33],"tags":[],"class_list":["post-4872","post","type-post","status-publish","format-standard","has-post-thumbnail","hentry","category-magazin"],"brizy_media":[],"_links":{"self":[{"href":"https:\/\/magazinlist.com\/en\/wp-json\/wp\/v2\/posts\/4872","targetHints":{"allow":["GET"]}}],"collection":[{"href":"https:\/\/magazinlist.com\/en\/wp-json\/wp\/v2\/posts"}],"about":[{"href":"https:\/\/magazinlist.com\/en\/wp-json\/wp\/v2\/types\/post"}],"author":[{"embeddable":true,"href":"https:\/\/magazinlist.com\/en\/wp-json\/wp\/v2\/users\/1"}],"replies":[{"embeddable":true,"href":"https:\/\/magazinlist.com\/en\/wp-json\/wp\/v2\/comments?post=4872"}],"version-history":[{"count":3,"href":"https:\/\/magazinlist.com\/en\/wp-json\/wp\/v2\/posts\/4872\/revisions"}],"predecessor-version":[{"id":4878,"href":"https:\/\/magazinlist.com\/en\/wp-json\/wp\/v2\/posts\/4872\/revisions\/4878"}],"wp:featuredmedia":[{"embeddable":true,"href":"https:\/\/magazinlist.com\/en\/wp-json\/wp\/v2\/media\/4873"}],"wp:attachment":[{"href":"https:\/\/magazinlist.com\/en\/wp-json\/wp\/v2\/media?parent=4872"}],"wp:term":[{"taxonomy":"category","embeddable":true,"href":"https:\/\/magazinlist.com\/en\/wp-json\/wp\/v2\/categories?post=4872"},{"taxonomy":"post_tag","embeddable":true,"href":"https:\/\/magazinlist.com\/en\/wp-json\/wp\/v2\/tags?post=4872"}],"curies":[{"name":"wp","href":"https:\/\/api.w.org\/{rel}","templated":true}]}}