{"id":5475,"date":"2026-06-06T13:56:18","date_gmt":"2026-06-06T13:56:18","guid":{"rendered":"https:\/\/magazinlist.com\/?p=5475"},"modified":"2026-06-08T13:20:05","modified_gmt":"2026-06-08T13:20:05","slug":"kader-ikizler-kurucusu-ve-yapimcisi-oldugu-kadinca-tv-ile-dijital-medyada-ile-yukseliste","status":"publish","type":"post","link":"https:\/\/magazinlist.com\/en\/kader-ikizler-kurucusu-ve-yapimcisi-oldugu-kadinca-tv-ile-dijital-medyada-ile-yukseliste\/","title":{"rendered":"Kader \u0130kizler, kurucusu ve yap\u0131mc\u0131s\u0131 oldu\u011fu Kad\u0131nca TV ile dijital medyada ile y\u00fckseli\u015fte"},"content":{"rendered":"<blockquote><p>\u200cKader \u0130kizler, kurucusu ve yap\u0131mc\u0131s\u0131 oldu\u011fu Kad\u0131nca TV ile dijital medyada geni\u015f kitlelere hitap eden, \u00e7ok y\u00f6nl\u00fc ve dinamik bir yay\u0131n anlay\u0131\u015f\u0131 ortaya koyuyor. Kad\u0131n odakl\u0131 bir bak\u0131\u015f a\u00e7\u0131s\u0131na sahip olmakla birlikte, i\u00e7erikleri yaln\u0131zca kad\u0131nlara de\u011fil; i\u015f d\u00fcnyas\u0131ndan giri\u015fimcilere, uzmanlara, markalara ve toplumsal konulara ilgi duyan herkese sesleniyor.<img fetchpriority=\"high\" decoding=\"async\" class=\"aligncenter size-medium wp-image-5478\" src=\"https:\/\/magazinlist.com\/wp-content\/uploads\/2026\/06\/20260606_165154-COLLAGE-169x300.jpg\" alt=\"\" width=\"169\" height=\"300\" srcset=\"https:\/\/magazinlist.com\/wp-content\/uploads\/2026\/06\/20260606_165154-COLLAGE-169x300.jpg 169w, https:\/\/magazinlist.com\/wp-content\/uploads\/2026\/06\/20260606_165154-COLLAGE-576x1024.jpg 576w, https:\/\/magazinlist.com\/wp-content\/uploads\/2026\/06\/20260606_165154-COLLAGE-768x1365.jpg 768w, https:\/\/magazinlist.com\/wp-content\/uploads\/2026\/06\/20260606_165154-COLLAGE-864x1536.jpg 864w, https:\/\/magazinlist.com\/wp-content\/uploads\/2026\/06\/20260606_165154-COLLAGE-1152x2048.jpg 1152w, https:\/\/magazinlist.com\/wp-content\/uploads\/2026\/06\/20260606_165154-COLLAGE-186x330.jpg 186w, https:\/\/magazinlist.com\/wp-content\/uploads\/2026\/06\/20260606_165154-COLLAGE-101x180.jpg 101w, https:\/\/magazinlist.com\/wp-content\/uploads\/2026\/06\/20260606_165154-COLLAGE-750x1333.jpg 750w, https:\/\/magazinlist.com\/wp-content\/uploads\/2026\/06\/20260606_165154-COLLAGE-1140x2027.jpg 1140w, https:\/\/magazinlist.com\/wp-content\/uploads\/2026\/06\/20260606_165154-COLLAGE-scaled-7x12.jpg 7w, https:\/\/magazinlist.com\/wp-content\/uploads\/2026\/06\/20260606_165154-COLLAGE-scaled.jpg 1440w\" sizes=\"(max-width: 169px) 100vw, 169px\" \/><\/p><\/blockquote>\n<p>Kad\u0131nca TV\u2019de yay\u0131nlanan programlarda; farkl\u0131 sekt\u00f6rlerden i\u015f insanlar\u0131, alan\u0131nda uzman isimler, giri\u015fimciler ve tan\u0131nm\u0131\u015f konuklar a\u011f\u0131rlan\u0131yor. Programlar; ekonomi, sa\u011fl\u0131k, g\u00fczellik, giri\u015fimcilik, ya\u015fam, ki\u015fisel geli\u015fim ve sosyal fark\u0131ndal\u0131k gibi pek \u00e7ok ba\u015fl\u0131\u011f\u0131 kapsayarak izleyicilere bilgi, ilham ve de\u011ferli bak\u0131\u015f a\u00e7\u0131lar\u0131 sunuyor.<\/p>\n<p>&nbsp;<\/p>\n<p>Kader \u0130kizler\u2019in yap\u0131mc\u0131l\u0131\u011f\u0131n\u0131 \u00fcstlendi\u011fi bu yay\u0131nlar, YouTube ve dijital platformlar\u0131n yan\u0131 s\u0131ra televizyon ekranlar\u0131nda da ek yay\u0131n ku\u015faklar\u0131nda yer alarak y\u00fcksek eri\u015fim sa\u011fl\u0131yor. Bu sayede programa kat\u0131lan konuklar ve markalar, g\u00fcvenilir ve prestijli bir medya ortam\u0131nda g\u00f6r\u00fcn\u00fcrl\u00fck kazan\u0131yor.<\/p>\n<p>&nbsp;<\/p>\n<p>Kad\u0131nca TV, yaln\u0131zca bir program serisi de\u011fil; i\u00e7erik \u00fcretimi, marka tan\u0131t\u0131m\u0131, r\u00f6portajlar, \u00f6zel \u00e7ekimler ve etkinlik projeleriyle \u00e7ok y\u00f6nl\u00fc bir medya platformu olarak konumlan\u0131yor. Kader \u0130kizler, bu platform arac\u0131l\u0131\u011f\u0131yla toplumun her kesimine dokunan projeler \u00fcretmeye ve dijital medyada s\u00fcrd\u00fcr\u00fclebilir bir etki olu\u015fturmaya devam ediyor.<\/p>","protected":false},"excerpt":{"rendered":"<p>\u200cKader \u0130kizler, kurucusu ve yap\u0131mc\u0131s\u0131 oldu\u011fu Kad\u0131nca TV ile dijital medyada geni\u015f kitlelere hitap eden, \u00e7ok y\u00f6nl\u00fc ve dinamik bir yay\u0131n anlay\u0131\u015f\u0131 ortaya koyuyor. Kad\u0131n odakl\u0131 bir bak\u0131\u015f a\u00e7\u0131s\u0131na sahip olmakla birlikte, i\u00e7erikleri yaln\u0131zca kad\u0131nlara de\u011fil; i\u015f d\u00fcnyas\u0131ndan giri\u015fimcilere, uzmanlara, markalara ve toplumsal konulara ilgi duyan herkese sesleniyor. Kad\u0131nca TV\u2019de yay\u0131nlanan programlarda; farkl\u0131 sekt\u00f6rlerden i\u015f [&hellip;]<\/p>\n","protected":false},"author":1,"featured_media":5476,"comment_status":"open","ping_status":"open","sticky":false,"template":"","format":"standard","meta":{"_angie_page":false,"ai_generated_summary":"","page_builder":"","wpai_meta_description":"","footnotes":""},"categories":[31,33],"tags":[],"class_list":["post-5475","post","type-post","status-publish","format-standard","has-post-thumbnail","hentry","category-kultur-sanat","category-magazin"],"brizy_media":[],"_links":{"self":[{"href":"https:\/\/magazinlist.com\/en\/wp-json\/wp\/v2\/posts\/5475","targetHints":{"allow":["GET"]}}],"collection":[{"href":"https:\/\/magazinlist.com\/en\/wp-json\/wp\/v2\/posts"}],"about":[{"href":"https:\/\/magazinlist.com\/en\/wp-json\/wp\/v2\/types\/post"}],"author":[{"embeddable":true,"href":"https:\/\/magazinlist.com\/en\/wp-json\/wp\/v2\/users\/1"}],"replies":[{"embeddable":true,"href":"https:\/\/magazinlist.com\/en\/wp-json\/wp\/v2\/comments?post=5475"}],"version-history":[{"count":3,"href":"https:\/\/magazinlist.com\/en\/wp-json\/wp\/v2\/posts\/5475\/revisions"}],"predecessor-version":[{"id":5480,"href":"https:\/\/magazinlist.com\/en\/wp-json\/wp\/v2\/posts\/5475\/revisions\/5480"}],"wp:featuredmedia":[{"embeddable":true,"href":"https:\/\/magazinlist.com\/en\/wp-json\/wp\/v2\/media\/5476"}],"wp:attachment":[{"href":"https:\/\/magazinlist.com\/en\/wp-json\/wp\/v2\/media?parent=5475"}],"wp:term":[{"taxonomy":"category","embeddable":true,"href":"https:\/\/magazinlist.com\/en\/wp-json\/wp\/v2\/categories?post=5475"},{"taxonomy":"post_tag","embeddable":true,"href":"https:\/\/magazinlist.com\/en\/wp-json\/wp\/v2\/tags?post=5475"}],"curies":[{"name":"wp","href":"https:\/\/api.w.org\/{rel}","templated":true}]}}