{"id":5481,"date":"2026-06-07T00:34:43","date_gmt":"2026-06-07T00:34:43","guid":{"rendered":"https:\/\/magazinlist.com\/?p=5481"},"modified":"2026-06-17T21:09:58","modified_gmt":"2026-06-17T21:09:58","slug":"dilan-polat-hesabina-erisim-engeli","status":"publish","type":"post","link":"https:\/\/magazinlist.com\/en\/dilan-polat-hesabina-erisim-engeli\/","title":{"rendered":"Dilan Polat Hesab\u0131na Eri\u015fim Engeli&#8230;"},"content":{"rendered":"<p style=\"text-align: left; padding-left: 40px;\">\u200e\u200eDilan Polat Hesab\u0131na Eri\u015fim Engeli&#8230;<\/p>\n<p>Engin Polat &#8216;\u0131n kuzeni,Dilan Polat &#8216;\u0131n yak\u0131n korumal\u0131\u011f\u0131n\u0131 yapan Can Polat &#8216;\u0131n suikast sonucu vefat etti\u011fi g\u00f6r\u00fcnt\u00fcleri medyaya d\u00fc\u015fer d\u00fc\u015fmez olay\u0131n \u00f6zellikle \u00e7ocuklar\u0131n \u00f6z\u00fc \u00f6n\u00fcnde ya\u015fanm\u0131\u015f olu\u015fu b\u00fcy\u00fck \u00fcz\u00fcnt\u00fc ve tepkiye neden olmu\u015ftu. Ayn\u0131 zamanda g\u00f6z alt\u0131na al\u0131nan fail, Dilan Polat &#8216;\u0131n sosyal medya \u00fczerinden yapt\u0131\u011f\u0131 yer bildirimleri nedeniyle yerlerini tespit etti\u011fini ifade etmesiyle birlikte \u00f6zellikle i\u00e7erik \u00fcreticilerinin daha dikkatli olmas\u0131 gerekti\u011fi konu\u015fuldu.<br \/>\nT\u00fcm g\u00f6zler Dilan Polat &#8216;\u0131n hesab\u0131ndan yapaca\u011f\u0131 a\u00e7\u0131klamaya \u00e7evrilmi\u015fken hesab\u0131na eri\u015fim engeli getirildi.<br \/>\nAile ve Sosyal Hizmetler Bakanl\u0131\u011f\u0131 &#8216;n\u0131n ba\u015fvurusu \u00fczerine g\u00f6r\u00fclen mahkemece al\u0131nan karar sosyal medyada yank\u0131 uyand\u0131rd\u0131.<br \/>\nKamu d\u00fczeninin korunmas\u0131 ve genel sa\u011fl\u0131\u011f\u0131n g\u00f6zetilmesi ,aile de\u011ferlerine ayk\u0131r\u0131l\u0131k , m\u00fcstehcen g\u00f6r\u00fcnt\u00fclerin yay\u0131nlanmas\u0131na arac\u0131l\u0131k etmek su\u00e7undan Ankara Sulh Ceza Mahkemesi Hakimli\u011finin ald\u0131\u011f\u0131 kararla Dilan Polat &#8216;\u0131n 6,3 M takip\u00e7ili hesab\u0131na eri\u015fim engelli getirildi.<br \/>\nAile ve Sosyal Hizmetler Bakanl\u0131\u011f\u0131 taraf\u0131ndan yak\u0131ndan takip edilen karar BTK &#8216;ya karar\u0131n h\u0131zl\u0131 bir \u015fekilde uygulanmas\u0131 i\u00e7in bildirildi.<br \/>\nMeta &#8216;n\u0131n , teknik ve resmi pros\u00fcd\u00fcrlerin tamamlanmas\u0131n\u0131n ard\u0131ndan al\u0131nan mahkeme karar\u0131n\u0131 uygulamas\u0131 bekleniyor.<\/p>","protected":false},"excerpt":{"rendered":"<p>\u200e\u200eDilan Polat Hesab\u0131na Eri\u015fim Engeli&#8230; Engin Polat &#8216;\u0131n kuzeni,Dilan Polat &#8216;\u0131n yak\u0131n korumal\u0131\u011f\u0131n\u0131 yapan Can Polat &#8216;\u0131n suikast sonucu vefat etti\u011fi g\u00f6r\u00fcnt\u00fcleri medyaya d\u00fc\u015fer d\u00fc\u015fmez olay\u0131n \u00f6zellikle \u00e7ocuklar\u0131n \u00f6z\u00fc \u00f6n\u00fcnde ya\u015fanm\u0131\u015f olu\u015fu b\u00fcy\u00fck \u00fcz\u00fcnt\u00fc ve tepkiye neden olmu\u015ftu. Ayn\u0131 zamanda g\u00f6z alt\u0131na al\u0131nan fail, Dilan Polat &#8216;\u0131n sosyal medya \u00fczerinden yapt\u0131\u011f\u0131 yer bildirimleri nedeniyle yerlerini [&hellip;]<\/p>\n","protected":false},"author":1,"featured_media":5482,"comment_status":"open","ping_status":"open","sticky":false,"template":"","format":"standard","meta":{"_angie_page":false,"ai_generated_summary":"","page_builder":"","wpai_meta_description":"","footnotes":""},"categories":[31,33],"tags":[],"class_list":["post-5481","post","type-post","status-publish","format-standard","has-post-thumbnail","hentry","category-kultur-sanat","category-magazin"],"brizy_media":[],"_links":{"self":[{"href":"https:\/\/magazinlist.com\/en\/wp-json\/wp\/v2\/posts\/5481","targetHints":{"allow":["GET"]}}],"collection":[{"href":"https:\/\/magazinlist.com\/en\/wp-json\/wp\/v2\/posts"}],"about":[{"href":"https:\/\/magazinlist.com\/en\/wp-json\/wp\/v2\/types\/post"}],"author":[{"embeddable":true,"href":"https:\/\/magazinlist.com\/en\/wp-json\/wp\/v2\/users\/1"}],"replies":[{"embeddable":true,"href":"https:\/\/magazinlist.com\/en\/wp-json\/wp\/v2\/comments?post=5481"}],"version-history":[{"count":3,"href":"https:\/\/magazinlist.com\/en\/wp-json\/wp\/v2\/posts\/5481\/revisions"}],"predecessor-version":[{"id":5538,"href":"https:\/\/magazinlist.com\/en\/wp-json\/wp\/v2\/posts\/5481\/revisions\/5538"}],"wp:featuredmedia":[{"embeddable":true,"href":"https:\/\/magazinlist.com\/en\/wp-json\/wp\/v2\/media\/5482"}],"wp:attachment":[{"href":"https:\/\/magazinlist.com\/en\/wp-json\/wp\/v2\/media?parent=5481"}],"wp:term":[{"taxonomy":"category","embeddable":true,"href":"https:\/\/magazinlist.com\/en\/wp-json\/wp\/v2\/categories?post=5481"},{"taxonomy":"post_tag","embeddable":true,"href":"https:\/\/magazinlist.com\/en\/wp-json\/wp\/v2\/tags?post=5481"}],"curies":[{"name":"wp","href":"https:\/\/api.w.org\/{rel}","templated":true}]}}