{"id":5498,"date":"2026-06-13T11:25:18","date_gmt":"2026-06-13T11:25:18","guid":{"rendered":"https:\/\/magazinlist.com\/?p=5498"},"modified":"2026-06-17T21:09:09","modified_gmt":"2026-06-17T21:09:09","slug":"karaburun-belediye-baskani-ilkay-girgin-erdogan-dan-aciklama","status":"publish","type":"post","link":"https:\/\/magazinlist.com\/en\/karaburun-belediye-baskani-ilkay-girgin-erdogan-dan-aciklama\/","title":{"rendered":"Karaburun Belediye Ba\u015fkan\u0131 \u0130lkay Girgin Erdo\u011fan &#8216;dan A\u00e7\u0131klama\u00a0"},"content":{"rendered":"<ul>\n<li style=\"text-align: left;\">Karaburun Belediye Ba\u015fkan\u0131 \u0130lkay Girgin Erdo\u011fan &#8216;dan A\u00e7\u0131klama<\/li>\n<\/ul>\n<p>\u0130zmir\/ Karaburun Belediye Ba\u015fkan\u0131 \u0130lkay Girgin Erdo\u011fan son d\u00f6nemlerde kamuoyunda ve baz\u0131 sosyal medya mecralar\u0131nda yap\u0131lan de\u011ferlendirme ve iddialara ili\u015fkin a\u00e7\u0131klama da bulundu.<\/p>\n<p>&nbsp;<\/p>\n<p>\u0130lkay Girgin Erdo\u011fan yapt\u0131\u011f\u0131 bas\u0131n a\u00e7\u0131klamas\u0131nda;<\/p>\n<p>&nbsp;<\/p>\n<p>&#8220;Son g\u00fcnlerde Karaburun Merkez\u2019de faaliyet g\u00f6steren Nergis Kafe\u2019de ger\u00e7ekle\u015ftirilen d\u00fczenlemeler hakk\u0131nda kamuoyunda \u00e7e\u015fitli de\u011ferlendirmeler yap\u0131lmakta, baz\u0131 sosyal medya payla\u015f\u0131mlar\u0131nda ise ger\u00e7e\u011fi yans\u0131tmayan iddialar yer almaktad\u0131r. Bu nedenle kamuoyunu do\u011fru bilgilendirme ihtiyac\u0131 do\u011fmu\u015ftur.<\/p>\n<p>Nergis Kafe bir i\u015fletme olmas\u0131n\u0131n yan\u0131nda, il\u00e7emizin sosyal ya\u015fam\u0131nda \u00f6nemli bir yere sahip olan, vatanda\u015flar\u0131m\u0131z\u0131n bir araya geldi\u011fi, \u00e7e\u015fitli etkinliklere ev sahipli\u011fi yapan k\u0131ymetli bir mek\u00e2nd\u0131r. Yap\u0131lan \u00e7al\u0131\u015fmalar\u0131n temel amac\u0131 da bu de\u011feri koruyarak daha i\u015flevsel, daha eri\u015filebilir ve toplumun her kesimine hitap eden bir ya\u015fam alan\u0131 olu\u015fturmakt\u0131r.<\/p>\n<p>Bu kapsamda kafenin i\u00e7 mek\u00e2n\u0131nda yenileme \u00e7al\u0131\u015fmalar\u0131 ger\u00e7ekle\u015ftirilmi\u015f ve mevcut oturma alanlar\u0131 korunmu\u015ftur. Bunun yan\u0131 s\u0131ra kamu yarar\u0131 g\u00f6zetilerek, \u00f6zellikle \u00e7ocuklu ailelerin daha rahat ve g\u00fcvenli vakit ge\u00e7irebilmesi amac\u0131yla alana bir \u00e7ocuk oyun park\u0131 kazand\u0131r\u0131lm\u0131\u015ft\u0131r. Ayr\u0131ca Nergis\u2019in tarihi ve k\u00fclt\u00fcrel kimli\u011fine uygun sanatsal dokunu\u015flarla duvar resimleri yap\u0131lm\u0131\u015f, vatanda\u015flar\u0131m\u0131z\u0131n herhangi bir i\u015fletme hizmeti almaks\u0131z\u0131n da kullanabilece\u011fi \u00fccretsiz oturma alanlar\u0131 dizayn edilmi\u015ftir. Ger\u00e7ekle\u015ftirilen t\u00fcm d\u00fczenlemeler s\u0131ras\u0131nda alandaki hi\u00e7bir a\u011faca zarar verilmemi\u015f, mevcut do\u011fal doku titizlikle korunmu\u015ftur.<\/p>\n<p>Yap\u0131lan d\u00fczenlemeler yaln\u0131zca fiziksel iyile\u015ftirmelerle s\u0131n\u0131rl\u0131 kalmam\u0131\u015f, \u00e7e\u015fitli etkinliklerin ger\u00e7ekle\u015ftirildi\u011fi kamusal kullan\u0131m ihtiyac\u0131n\u0131 daha sa\u011fl\u0131kl\u0131 kar\u015f\u0131layabilmek amac\u0131yla meydan d\u00fczenlemesi de hayata ge\u00e7irilmi\u015ftir. Karaburun&#8217;umuzun merkezinde olu\u015fturulan ve i\u00e7erisinde sahne alan\u0131 da bulunan b\u00f6lgeye \u201cDemokrasi Park\u0131\u201d ad\u0131 verilmi\u015ftir.<\/p>\n<p>Kamuoyunda olu\u015fturulmaya \u00e7al\u0131\u015f\u0131lan alg\u0131n\u0131n aksine, s\u00f6z konusu alanda ger\u00e7ekle\u015ftirilen etkinlikler y\u0131l\u0131n yaln\u0131zca yakla\u015f\u0131k 6 g\u00fcn\u00fcn\u00fc kapsamaktad\u0131r. Karaburun Belediyesi, il\u00e7emizdeki etkinliklerde her zaman en b\u00fcy\u00fck payda\u015f\u0131 ve yard\u0131mc\u0131s\u0131 olmu\u015ftur. Gelecekte ger\u00e7ekle\u015ftirilecek organizasyonlar\u0131n da ayn\u0131 anlay\u0131\u015fla desteklemeyi s\u00fcrd\u00fcr\u00fclecektir.. Demokrasi Park\u0131 da bu etkinliklerin daha d\u00fczenli ve g\u00fcvenli bir \u015fekilde ger\u00e7ekle\u015ftirilebilmesi amac\u0131yla planlanm\u0131\u015ft\u0131r.<\/p>\n<p>Yap\u0131lan \u00e7al\u0131\u015fmalar\u0131n hi\u00e7bir a\u015famas\u0131nda kamusal kullan\u0131m\u0131n azalt\u0131lmas\u0131 ya da alan\u0131n kimli\u011finin ortadan kald\u0131r\u0131lmas\u0131 s\u00f6z konusu de\u011fildir. Aksine, vatanda\u015flar\u0131m\u0131z\u0131n ortak kullan\u0131m\u0131na a\u00e7\u0131k alanlar art\u0131r\u0131lm\u0131\u015f ve daha i\u015flevsel hale getirilmi\u015ftir.<\/p>\n<p>Ne yaz\u0131k ki son g\u00fcnlerde yap\u0131lan baz\u0131 a\u00e7\u0131klama ve payla\u015f\u0131mlarda, ger\u00e7ekle\u015ftirilen \u00e7al\u0131\u015fmalar\u0131n amac\u0131 d\u0131\u015f\u0131nda g\u00f6sterilmeye \u00e7al\u0131\u015f\u0131ld\u0131\u011f\u0131 ve kamuoyunda yanl\u0131\u015f bir alg\u0131 olu\u015fturulmaya \u00e7al\u0131\u015f\u0131ld\u0131\u011f\u0131 g\u00f6r\u00fclmektedir. Ancak bilinmelidir ki yap\u0131lan t\u00fcm d\u00fczenlemeler herhangi bir ki\u015fi ya da grubun talebi do\u011frultusunda de\u011fil, kamu yarar\u0131 ve toplumsal ihtiya\u00e7lar g\u00f6zetilerek hayata ge\u00e7irilmi\u015ftir.<\/p>\n<p>&nbsp;<\/p>\n<p>Karaburun Belediyesi olarak ortak de\u011ferlerimize sahip \u00e7\u0131kmaya, tarihi ve k\u00fclt\u00fcrel miras\u0131m\u0131z\u0131 koruyarak gelecek nesillere aktarmaya ve her ya\u015ftan vatanda\u015f\u0131m\u0131z\u0131n yararlanabilece\u011fi kamusal alanlar\u0131 geli\u015ftirmeye devam edece\u011fiz.<\/p>\n<p>Kamuoyuna sayg\u0131yla duyurulur.<\/p>\n<p>\u0130lkay Girgin Erdo\u011fan&#8221;<\/p>\n<p>\u015feklinde konu\u015ftu.<\/p>","protected":false},"excerpt":{"rendered":"<p>Karaburun Belediye Ba\u015fkan\u0131 \u0130lkay Girgin Erdo\u011fan &#8216;dan A\u00e7\u0131klama \u0130zmir\/ Karaburun Belediye Ba\u015fkan\u0131 \u0130lkay Girgin Erdo\u011fan son d\u00f6nemlerde kamuoyunda ve baz\u0131 sosyal medya mecralar\u0131nda yap\u0131lan de\u011ferlendirme ve iddialara ili\u015fkin a\u00e7\u0131klama da bulundu. &nbsp; \u0130lkay Girgin Erdo\u011fan yapt\u0131\u011f\u0131 bas\u0131n a\u00e7\u0131klamas\u0131nda; &nbsp; &#8220;Son g\u00fcnlerde Karaburun Merkez\u2019de faaliyet g\u00f6steren Nergis Kafe\u2019de ger\u00e7ekle\u015ftirilen d\u00fczenlemeler hakk\u0131nda kamuoyunda \u00e7e\u015fitli de\u011ferlendirmeler yap\u0131lmakta, baz\u0131 [&hellip;]<\/p>\n","protected":false},"author":1,"featured_media":5502,"comment_status":"open","ping_status":"open","sticky":false,"template":"","format":"standard","meta":{"_angie_page":false,"ai_generated_summary":"","page_builder":"","wpai_meta_description":"","footnotes":""},"categories":[25],"tags":[],"class_list":["post-5498","post","type-post","status-publish","format-standard","has-post-thumbnail","hentry","category-gundem"],"brizy_media":[],"_links":{"self":[{"href":"https:\/\/magazinlist.com\/en\/wp-json\/wp\/v2\/posts\/5498","targetHints":{"allow":["GET"]}}],"collection":[{"href":"https:\/\/magazinlist.com\/en\/wp-json\/wp\/v2\/posts"}],"about":[{"href":"https:\/\/magazinlist.com\/en\/wp-json\/wp\/v2\/types\/post"}],"author":[{"embeddable":true,"href":"https:\/\/magazinlist.com\/en\/wp-json\/wp\/v2\/users\/1"}],"replies":[{"embeddable":true,"href":"https:\/\/magazinlist.com\/en\/wp-json\/wp\/v2\/comments?post=5498"}],"version-history":[{"count":5,"href":"https:\/\/magazinlist.com\/en\/wp-json\/wp\/v2\/posts\/5498\/revisions"}],"predecessor-version":[{"id":5537,"href":"https:\/\/magazinlist.com\/en\/wp-json\/wp\/v2\/posts\/5498\/revisions\/5537"}],"wp:featuredmedia":[{"embeddable":true,"href":"https:\/\/magazinlist.com\/en\/wp-json\/wp\/v2\/media\/5502"}],"wp:attachment":[{"href":"https:\/\/magazinlist.com\/en\/wp-json\/wp\/v2\/media?parent=5498"}],"wp:term":[{"taxonomy":"category","embeddable":true,"href":"https:\/\/magazinlist.com\/en\/wp-json\/wp\/v2\/categories?post=5498"},{"taxonomy":"post_tag","embeddable":true,"href":"https:\/\/magazinlist.com\/en\/wp-json\/wp\/v2\/tags?post=5498"}],"curies":[{"name":"wp","href":"https:\/\/api.w.org\/{rel}","templated":true}]}}