{"id":5510,"date":"2026-06-16T14:56:58","date_gmt":"2026-06-16T14:56:58","guid":{"rendered":"https:\/\/magazinlist.com\/?p=5510"},"modified":"2026-06-17T21:05:46","modified_gmt":"2026-06-17T21:05:46","slug":"5510-2","status":"publish","type":"post","link":"https:\/\/magazinlist.com\/en\/5510-2\/","title":{"rendered":"\u0130SMA\u0130L YK ALANYA KIZILOVA YAYLA \u015eENL\u0130\u011e\u0130NDE SEVENLER\u0130YLE BULU\u015eACAK !"},"content":{"rendered":"<p>\u0130SMA\u0130L YK ALANYA KIZILOVA YAYLA \u015eENL\u0130\u011e\u0130NDE SEVENLER\u0130YLE BULU\u015eACAK !<\/p>\n<p>&nbsp;<\/p>\n<p>Tarz\u0131 ve danslar\u0131yla gen\u00e7 k\u0131zlar\u0131n g\u00f6zdesi olmu\u015f, \u015fark\u0131lar\u0131yla haf\u0131zalara kaz\u0131nan usta sanat\u00e7\u0131 \u0130smail YK do\u011fum g\u00fcn\u00fcn\u00fc sahnede kutlayacak olman\u0131n heyecan\u0131n\u0131 ya\u015f\u0131yor.<\/p>\n<p>2006 y\u0131l\u0131nda \u00e7\u0131kard\u0131\u011f\u0131 Bombabomba.com adl\u0131 alb\u00fcm\u00fcyle T\u00fcrkiye&#8217;nin en \u00e7ok satan alb\u00fcm\u00fc olmay\u0131 ba\u015faran sanat\u00e7\u0131 do\u011fum g\u00fcn\u00fc olan 5 Temmuz &#8216;da G\u00fcm\u00fc\u015fkavak 9. K\u0131z\u0131lova Yayla \u015fenlikleriyle sevenleriyle bulu\u015facak.<\/p>\n<p>&nbsp;<\/p>\n<p>Alanya G\u00fcm\u00fc\u015fkavak yaylas\u0131 K\u0131z\u0131lova meydan\u0131nda 5 Temmuz Pazar g\u00fcn\u00fc saat 14: te ger\u00e7ekle\u015fecek \u015fenlik \u0130smail YK konseriyle co\u015fkulu bir e\u011flenceyle ger\u00e7ekle\u015fecek.<\/p>\n<p>&nbsp;<\/p>\n<p>\u0130smail YK, 5 May\u0131s tarihi itibariyle t\u00fcm dijital m\u00fczik platformlar\u0131nda yay\u0131nda olan yeni \u015fark\u0131s\u0131 &#8221; Ne G\u00fczel \u015eeysin&#8221; ve dillere pelesenk olmu\u015f \u015fark\u0131lar\u0131yla Alanya K\u0131z\u0131lova Yayla \u015eenli\u011fi konseriyle hayranlar\u0131yla birlikte 5 Temmuz do\u011fum g\u00fcn\u00fcnde bulu\u015facak olman\u0131n mutlulu\u011funu ya\u015f\u0131yor.<\/p>\n<p>&nbsp;<\/p>","protected":false},"excerpt":{"rendered":"<p>\u0130SMA\u0130L YK ALANYA KIZILOVA YAYLA \u015eENL\u0130\u011e\u0130NDE SEVENLER\u0130YLE BULU\u015eACAK ! &nbsp; Tarz\u0131 ve danslar\u0131yla gen\u00e7 k\u0131zlar\u0131n g\u00f6zdesi olmu\u015f, \u015fark\u0131lar\u0131yla haf\u0131zalara kaz\u0131nan usta sanat\u00e7\u0131 \u0130smail YK do\u011fum g\u00fcn\u00fcn\u00fc sahnede kutlayacak olman\u0131n heyecan\u0131n\u0131 ya\u015f\u0131yor. 2006 y\u0131l\u0131nda \u00e7\u0131kard\u0131\u011f\u0131 Bombabomba.com adl\u0131 alb\u00fcm\u00fcyle T\u00fcrkiye&#8217;nin en \u00e7ok satan alb\u00fcm\u00fc olmay\u0131 ba\u015faran sanat\u00e7\u0131 do\u011fum g\u00fcn\u00fc olan 5 Temmuz &#8216;da G\u00fcm\u00fc\u015fkavak 9. K\u0131z\u0131lova Yayla [&hellip;]<\/p>\n","protected":false},"author":1,"featured_media":5512,"comment_status":"open","ping_status":"open","sticky":false,"template":"","format":"standard","meta":{"_angie_page":false,"ai_generated_summary":"","page_builder":"","wpai_meta_description":"","footnotes":""},"categories":[31,33],"tags":[],"class_list":["post-5510","post","type-post","status-publish","format-standard","has-post-thumbnail","hentry","category-kultur-sanat","category-magazin"],"brizy_media":[],"_links":{"self":[{"href":"https:\/\/magazinlist.com\/en\/wp-json\/wp\/v2\/posts\/5510","targetHints":{"allow":["GET"]}}],"collection":[{"href":"https:\/\/magazinlist.com\/en\/wp-json\/wp\/v2\/posts"}],"about":[{"href":"https:\/\/magazinlist.com\/en\/wp-json\/wp\/v2\/types\/post"}],"author":[{"embeddable":true,"href":"https:\/\/magazinlist.com\/en\/wp-json\/wp\/v2\/users\/1"}],"replies":[{"embeddable":true,"href":"https:\/\/magazinlist.com\/en\/wp-json\/wp\/v2\/comments?post=5510"}],"version-history":[{"count":4,"href":"https:\/\/magazinlist.com\/en\/wp-json\/wp\/v2\/posts\/5510\/revisions"}],"predecessor-version":[{"id":5532,"href":"https:\/\/magazinlist.com\/en\/wp-json\/wp\/v2\/posts\/5510\/revisions\/5532"}],"wp:featuredmedia":[{"embeddable":true,"href":"https:\/\/magazinlist.com\/en\/wp-json\/wp\/v2\/media\/5512"}],"wp:attachment":[{"href":"https:\/\/magazinlist.com\/en\/wp-json\/wp\/v2\/media?parent=5510"}],"wp:term":[{"taxonomy":"category","embeddable":true,"href":"https:\/\/magazinlist.com\/en\/wp-json\/wp\/v2\/categories?post=5510"},{"taxonomy":"post_tag","embeddable":true,"href":"https:\/\/magazinlist.com\/en\/wp-json\/wp\/v2\/tags?post=5510"}],"curies":[{"name":"wp","href":"https:\/\/api.w.org\/{rel}","templated":true}]}}